{"id":925,"date":"2018-09-24T15:17:22","date_gmt":"2018-09-24T13:17:22","guid":{"rendered":"http:\/\/www.spd-loffenau.de\/?p=925"},"modified":"2018-10-03T14:17:59","modified_gmt":"2018-10-03T12:17:59","slug":"so-kommen-sie-zu-unserem-huettentreff-am-sonntag-dem-7-oktober-2018","status":"publish","type":"post","link":"https:\/\/www.spd-loffenau.de\/?p=925","title":{"rendered":"So kommen Sie zu unserem &#8222;H\u00fcttentreff&#8220;         am Sonntag, dem 7. Oktober 2018"},"content":{"rendered":"<p>Der SPD-Ortsverein Loffenau und die Gemeinderatsfraktion &#8222;SPD &amp; Aktive Loffenauer B\u00fcrger&#8220; laden die B\u00fcrgerschaft gemeinsam ganz herzlich zum &#8222;H\u00fcttentreff&#8220; an der Michelsrankh\u00fctte ein. <strong>Am Sonntag, dem 7. Oktober<\/strong> <strong>begr\u00fc\u00dfen wir unsere G\u00e4ste ab 11:00 Uhr an der Schutzh\u00fctte<\/strong> unterhalb der Teufelsm\u00fchle mit einem kostenlosen St\u00fcck frischem Zwiebelkuchen oder einer Butterbrezel, einem Glas Neuen Wein oder einem anderen Erfrischungsgetr\u00e4nk.<\/p>\n<p><strong>Und so kommen Sie zu uns:<\/strong><\/p>\n<p>Entweder auf eigene Faust zu Fu\u00df oder mit dem Fahrrad. Oder aber mit einer Gruppe unter F\u00fchrung unserer Gemeinder\u00e4tinnen und Gemeinder\u00e4te.<\/p>\n<p><strong>Treffpunkt f\u00fcr die Wandergruppe mit Manuela Nuber ist am Sonntag um 9:45 Uhr am &#8222;Reiterst\u00fcble&#8220;. Die Biker starten ihre Tour mit Wolfgang Reik und Klaus Klenk um 10:30 Uhr auf dem Parkplatz an der Turnhalle. Und f\u00fcr alle, die nicht mehr so ganz gut zu Fu\u00df unterwegs sein k\u00f6nnen, bieten wir dank der tollen Unterst\u00fctzung der Freiwilligen Feuerwehr einen kostenlosen Bus-Shuttle an. Der Bus f\u00e4hrt zum ersten Mal um 10:45 Uhr beim Landmarkt Gie\u00dfler ab. Weitere Fahrten sind um 11:30 Uhr und um 12:15 Uhr.<\/strong><\/p>\n<p><strong>Bitte melden Sie sich bis sp\u00e4testens Freitag, dem 5. Oktober um 17:00 Uhr an, wenn Sie eines unserer Gruppen-Angebote, vor allem aber den Shuttle-Bus nutzen wollen. <\/strong><\/p>\n<p><strong>Anmeldung bei Gert B\u00fchringer. Tel. 07083\/1539<\/strong><\/p>\n<p><strong>Achtung: Der &#8222;H\u00fcttentreff&#8220; findet nur bei gutem Wetter statt. Die Wetter-Prognose ist sehr gut. Der &#8222;H\u00fcttentreff&#8220; endet gegen 14:30 Uhr!<\/strong><\/p>\n<p><strong>Informationen \u00fcber eine eventuelle Absage finden Sie hier auf unserer Homepage.<\/strong><\/p>\n<p>&nbsp;<\/p>\n<p style=\"text-align: center;\"><strong>Wir freuen uns auf Ihren Besuch und das Gespr\u00e4ch mit Ihnen!<\/strong><\/p>\n<p style=\"text-align: center;\"><strong>&#8222;SPD &amp; Aktive Loffenauer B\u00fcrger&#8220; &#8211; So sieht B\u00fcrgern\u00e4he aus!\u00a0<\/strong><\/p>\n<p>&nbsp;<\/p>\n<p>&nbsp;<\/p>\n<p>&nbsp;<\/p>\n<p>&nbsp;<\/p>\n","protected":false},"excerpt":{"rendered":"<p>Der SPD-Ortsverein Loffenau und die Gemeinderatsfraktion &#8222;SPD &amp; Aktive Loffenauer B\u00fcrger&#8220; laden die B\u00fcrgerschaft gemeinsam ganz herzlich zum &#8222;H\u00fcttentreff&#8220; an der Michelsrankh\u00fctte ein. Am Sonntag, dem 7. Oktober begr\u00fc\u00dfen wir unsere G\u00e4ste ab 11:00 Uhr an der Schutzh\u00fctte unterhalb der Teufelsm\u00fchle mit einem kostenlosen St\u00fcck frischem Zwiebelkuchen oder einer Butterbrezel, einem Glas Neuen Wein oder [&hellip;]<\/p>\n","protected":false},"author":1,"featured_media":0,"comment_status":"open","ping_status":"open","sticky":false,"template":"","format":"standard","meta":{"spay_email":"","jetpack_publicize_message":"","jetpack_is_tweetstorm":false,"jetpack_publicize_feature_enabled":true},"categories":[1],"tags":[],"jetpack_featured_media_url":"","jetpack_publicize_connections":[],"jetpack_sharing_enabled":true,"jetpack_shortlink":"https:\/\/wp.me\/p74UnC-eV","_links":{"self":[{"href":"https:\/\/www.spd-loffenau.de\/index.php?rest_route=\/wp\/v2\/posts\/925"}],"collection":[{"href":"https:\/\/www.spd-loffenau.de\/index.php?rest_route=\/wp\/v2\/posts"}],"about":[{"href":"https:\/\/www.spd-loffenau.de\/index.php?rest_route=\/wp\/v2\/types\/post"}],"author":[{"embeddable":true,"href":"https:\/\/www.spd-loffenau.de\/index.php?rest_route=\/wp\/v2\/users\/1"}],"replies":[{"embeddable":true,"href":"https:\/\/www.spd-loffenau.de\/index.php?rest_route=%2Fwp%2Fv2%2Fcomments&post=925"}],"version-history":[{"count":8,"href":"https:\/\/www.spd-loffenau.de\/index.php?rest_route=\/wp\/v2\/posts\/925\/revisions"}],"predecessor-version":[{"id":934,"href":"https:\/\/www.spd-loffenau.de\/index.php?rest_route=\/wp\/v2\/posts\/925\/revisions\/934"}],"wp:attachment":[{"href":"https:\/\/www.spd-loffenau.de\/index.php?rest_route=%2Fwp%2Fv2%2Fmedia&parent=925"}],"wp:term":[{"taxonomy":"category","embeddable":true,"href":"https:\/\/www.spd-loffenau.de\/index.php?rest_route=%2Fwp%2Fv2%2Fcategories&post=925"},{"taxonomy":"post_tag","embeddable":true,"href":"https:\/\/www.spd-loffenau.de\/index.php?rest_route=%2Fwp%2Fv2%2Ftags&post=925"}],"curies":[{"name":"wp","href":"https:\/\/api.w.org\/{rel}","templated":true}]}}