{"id":906,"date":"2018-09-07T09:55:43","date_gmt":"2018-09-07T07:55:43","guid":{"rendered":"http:\/\/www.spd-loffenau.de\/?p=906"},"modified":"2018-09-07T09:55:43","modified_gmt":"2018-09-07T07:55:43","slug":"oeffentliche-fraktionssitzung-faellt-aus","status":"publish","type":"post","link":"https:\/\/www.spd-loffenau.de\/?p=906","title":{"rendered":"\u00d6ffentliche Fraktionssitzung f\u00e4llt aus!!"},"content":{"rendered":"<p>Wie m\u00fcssen die f\u00fcr Montag, den 10. September 2018 vorgesehene \u00f6ffentliche Fraktionssitzung aus organisatorischen Gr\u00fcnden leider absagen. Falls Sie Fragen oder Anregungen zu den Themen der Tagesordnung der Gemeinderatssitzung haben, melden Sie sich bitte bei unserem Fraktionssprecher, Helmut M\u00f6hrmann. Tel.07083\/3824.<\/p>\n<p style=\"text-align: center;\"><strong>&#8222;SPD &amp; Aktive Loffenauer B\u00fcrger&#8220; <\/strong><\/p>\n<p style=\"text-align: center;\"><strong>\u00a0Wir stehen f\u00fcr Transparenz und B\u00fcrgern\u00e4he<\/strong><\/p>\n","protected":false},"excerpt":{"rendered":"<p>Wie m\u00fcssen die f\u00fcr Montag, den 10. September 2018 vorgesehene \u00f6ffentliche Fraktionssitzung aus organisatorischen Gr\u00fcnden leider absagen. Falls Sie Fragen oder Anregungen zu den Themen der Tagesordnung der Gemeinderatssitzung haben, melden Sie sich bitte bei unserem Fraktionssprecher, Helmut M\u00f6hrmann. Tel.07083\/3824. &#8222;SPD &amp; Aktive Loffenauer B\u00fcrger&#8220; \u00a0Wir stehen f\u00fcr Transparenz und B\u00fcrgern\u00e4he<\/p>\n","protected":false},"author":1,"featured_media":0,"comment_status":"open","ping_status":"open","sticky":false,"template":"","format":"standard","meta":{"spay_email":"","jetpack_publicize_message":"","jetpack_is_tweetstorm":false,"jetpack_publicize_feature_enabled":true},"categories":[1],"tags":[],"jetpack_featured_media_url":"","jetpack_publicize_connections":[],"jetpack_sharing_enabled":true,"jetpack_shortlink":"https:\/\/wp.me\/p74UnC-eC","_links":{"self":[{"href":"https:\/\/www.spd-loffenau.de\/index.php?rest_route=\/wp\/v2\/posts\/906"}],"collection":[{"href":"https:\/\/www.spd-loffenau.de\/index.php?rest_route=\/wp\/v2\/posts"}],"about":[{"href":"https:\/\/www.spd-loffenau.de\/index.php?rest_route=\/wp\/v2\/types\/post"}],"author":[{"embeddable":true,"href":"https:\/\/www.spd-loffenau.de\/index.php?rest_route=\/wp\/v2\/users\/1"}],"replies":[{"embeddable":true,"href":"https:\/\/www.spd-loffenau.de\/index.php?rest_route=%2Fwp%2Fv2%2Fcomments&post=906"}],"version-history":[{"count":1,"href":"https:\/\/www.spd-loffenau.de\/index.php?rest_route=\/wp\/v2\/posts\/906\/revisions"}],"predecessor-version":[{"id":907,"href":"https:\/\/www.spd-loffenau.de\/index.php?rest_route=\/wp\/v2\/posts\/906\/revisions\/907"}],"wp:attachment":[{"href":"https:\/\/www.spd-loffenau.de\/index.php?rest_route=%2Fwp%2Fv2%2Fmedia&parent=906"}],"wp:term":[{"taxonomy":"category","embeddable":true,"href":"https:\/\/www.spd-loffenau.de\/index.php?rest_route=%2Fwp%2Fv2%2Fcategories&post=906"},{"taxonomy":"post_tag","embeddable":true,"href":"https:\/\/www.spd-loffenau.de\/index.php?rest_route=%2Fwp%2Fv2%2Ftags&post=906"}],"curies":[{"name":"wp","href":"https:\/\/api.w.org\/{rel}","templated":true}]}}