{"id":901,"date":"2018-09-04T15:09:38","date_gmt":"2018-09-04T13:09:38","guid":{"rendered":"http:\/\/www.spd-loffenau.de\/?p=901"},"modified":"2018-09-04T15:09:38","modified_gmt":"2018-09-04T13:09:38","slug":"einladung-zur-naechsten-oeffentlichen-fraktionssitzung-am-10-september","status":"publish","type":"post","link":"https:\/\/www.spd-loffenau.de\/?p=901","title":{"rendered":"Einladung zur n\u00e4chsten \u00f6ffentlichen Fraktionssitzung am 10. September"},"content":{"rendered":"<p>Die Gemeinderatsfraktion der &#8222;SPD &amp; Aktive Loffenauer B\u00fcrger&#8220; trifft sich am kommenden Montag, dem 10. September 2018, zu Ihrer n\u00e4chsten \u00f6ffentlichen Sitzung. Beginn ist um 20:00 Uhr im Gasthaus &#8222;Sonne&#8220;.<\/p>\n<p>Wie immer sind alle an der Kommunalpolitik interessierten B\u00fcrgerinnen und B\u00fcrger dazu herzlich eingeladen. Kommen Sie einfach zu uns und nutzen Sie die M\u00f6glichkeit, Informationen aus erster Hand zu erhalten, Ihre Fragen direkt an unsere Gemeinder\u00e4te zu richten, sich einzubringen und einzumischen!<\/p>\n<p>Manuela Nuber, Andrea Schr\u00f6ter, Achim Schweikart, Wolfgang Reik und der Sprecher der Fraktion, Helmut M\u00f6hrmann, freuen sich auf die Diskussion mit Ihnen!<\/p>\n<p style=\"text-align: center;\"><strong>So funktioniert Demokratie &#8211; transparent und b\u00fcrgernah!<\/strong><\/p>\n","protected":false},"excerpt":{"rendered":"<p>Die Gemeinderatsfraktion der &#8222;SPD &amp; Aktive Loffenauer B\u00fcrger&#8220; trifft sich am kommenden Montag, dem 10. September 2018, zu Ihrer n\u00e4chsten \u00f6ffentlichen Sitzung. Beginn ist um 20:00 Uhr im Gasthaus &#8222;Sonne&#8220;. Wie immer sind alle an der Kommunalpolitik interessierten B\u00fcrgerinnen und B\u00fcrger dazu herzlich eingeladen. Kommen Sie einfach zu uns und nutzen Sie die M\u00f6glichkeit, Informationen [&hellip;]<\/p>\n","protected":false},"author":1,"featured_media":0,"comment_status":"open","ping_status":"open","sticky":false,"template":"","format":"standard","meta":{"spay_email":"","jetpack_publicize_message":"","jetpack_is_tweetstorm":false,"jetpack_publicize_feature_enabled":true},"categories":[1],"tags":[],"jetpack_featured_media_url":"","jetpack_publicize_connections":[],"jetpack_sharing_enabled":true,"jetpack_shortlink":"https:\/\/wp.me\/p74UnC-ex","_links":{"self":[{"href":"https:\/\/www.spd-loffenau.de\/index.php?rest_route=\/wp\/v2\/posts\/901"}],"collection":[{"href":"https:\/\/www.spd-loffenau.de\/index.php?rest_route=\/wp\/v2\/posts"}],"about":[{"href":"https:\/\/www.spd-loffenau.de\/index.php?rest_route=\/wp\/v2\/types\/post"}],"author":[{"embeddable":true,"href":"https:\/\/www.spd-loffenau.de\/index.php?rest_route=\/wp\/v2\/users\/1"}],"replies":[{"embeddable":true,"href":"https:\/\/www.spd-loffenau.de\/index.php?rest_route=%2Fwp%2Fv2%2Fcomments&post=901"}],"version-history":[{"count":4,"href":"https:\/\/www.spd-loffenau.de\/index.php?rest_route=\/wp\/v2\/posts\/901\/revisions"}],"predecessor-version":[{"id":905,"href":"https:\/\/www.spd-loffenau.de\/index.php?rest_route=\/wp\/v2\/posts\/901\/revisions\/905"}],"wp:attachment":[{"href":"https:\/\/www.spd-loffenau.de\/index.php?rest_route=%2Fwp%2Fv2%2Fmedia&parent=901"}],"wp:term":[{"taxonomy":"category","embeddable":true,"href":"https:\/\/www.spd-loffenau.de\/index.php?rest_route=%2Fwp%2Fv2%2Fcategories&post=901"},{"taxonomy":"post_tag","embeddable":true,"href":"https:\/\/www.spd-loffenau.de\/index.php?rest_route=%2Fwp%2Fv2%2Ftags&post=901"}],"curies":[{"name":"wp","href":"https:\/\/api.w.org\/{rel}","templated":true}]}}