{"id":894,"date":"2018-09-04T08:52:21","date_gmt":"2018-09-04T06:52:21","guid":{"rendered":"http:\/\/www.spd-loffenau.de\/?p=894"},"modified":"2018-09-04T08:52:21","modified_gmt":"2018-09-04T06:52:21","slug":"wechsel-im-gemeinderat","status":"publish","type":"post","link":"https:\/\/www.spd-loffenau.de\/?p=894","title":{"rendered":"Wechsel im Gemeinderat"},"content":{"rendered":"<p>In der Gemeinderatsfraktion von &#8222;SPD &amp; Aktive Loffenauer B\u00fcrger&#8220; gibt es einen personellen Wechsel. Traudl B\u00fchringer scheidet aus dem Gremium auf eigenen Wunsch aus. Als Nachr\u00fccker folgt ihr Achim Schweikart. Er \u00fcbernimmt das Mandat und wird in der Gemeinderatssitzung am 11. September 2018 offiziell best\u00e4tigt.<\/p>\n","protected":false},"excerpt":{"rendered":"<p>In der Gemeinderatsfraktion von &#8222;SPD &amp; Aktive Loffenauer B\u00fcrger&#8220; gibt es einen personellen Wechsel. Traudl B\u00fchringer scheidet aus dem Gremium auf eigenen Wunsch aus. Als Nachr\u00fccker folgt ihr Achim Schweikart. Er \u00fcbernimmt das Mandat und wird in der Gemeinderatssitzung am 11. September 2018 offiziell best\u00e4tigt.<\/p>\n","protected":false},"author":1,"featured_media":0,"comment_status":"open","ping_status":"open","sticky":false,"template":"","format":"standard","meta":{"spay_email":"","jetpack_publicize_message":"","jetpack_is_tweetstorm":false,"jetpack_publicize_feature_enabled":true},"categories":[1],"tags":[],"jetpack_featured_media_url":"","jetpack_publicize_connections":[],"jetpack_sharing_enabled":true,"jetpack_shortlink":"https:\/\/wp.me\/p74UnC-eq","_links":{"self":[{"href":"https:\/\/www.spd-loffenau.de\/index.php?rest_route=\/wp\/v2\/posts\/894"}],"collection":[{"href":"https:\/\/www.spd-loffenau.de\/index.php?rest_route=\/wp\/v2\/posts"}],"about":[{"href":"https:\/\/www.spd-loffenau.de\/index.php?rest_route=\/wp\/v2\/types\/post"}],"author":[{"embeddable":true,"href":"https:\/\/www.spd-loffenau.de\/index.php?rest_route=\/wp\/v2\/users\/1"}],"replies":[{"embeddable":true,"href":"https:\/\/www.spd-loffenau.de\/index.php?rest_route=%2Fwp%2Fv2%2Fcomments&post=894"}],"version-history":[{"count":1,"href":"https:\/\/www.spd-loffenau.de\/index.php?rest_route=\/wp\/v2\/posts\/894\/revisions"}],"predecessor-version":[{"id":895,"href":"https:\/\/www.spd-loffenau.de\/index.php?rest_route=\/wp\/v2\/posts\/894\/revisions\/895"}],"wp:attachment":[{"href":"https:\/\/www.spd-loffenau.de\/index.php?rest_route=%2Fwp%2Fv2%2Fmedia&parent=894"}],"wp:term":[{"taxonomy":"category","embeddable":true,"href":"https:\/\/www.spd-loffenau.de\/index.php?rest_route=%2Fwp%2Fv2%2Fcategories&post=894"},{"taxonomy":"post_tag","embeddable":true,"href":"https:\/\/www.spd-loffenau.de\/index.php?rest_route=%2Fwp%2Fv2%2Ftags&post=894"}],"curies":[{"name":"wp","href":"https:\/\/api.w.org\/{rel}","templated":true}]}}