{"id":748,"date":"2016-07-21T18:34:12","date_gmt":"2016-07-21T16:34:12","guid":{"rendered":"http:\/\/www.spd-loffenau.de\/?p=748"},"modified":"2016-07-21T18:34:12","modified_gmt":"2016-07-21T16:34:12","slug":"einladung-zur-naechsten-oeffentlichen-fraktionssitzung-am-montag-dem-25-juli-2016","status":"publish","type":"post","link":"https:\/\/www.spd-loffenau.de\/?p=748","title":{"rendered":"Einladung zur n\u00e4chsten \u00f6ffentlichen Fraktionssitzung am Montag, dem 25 Juli 2016"},"content":{"rendered":"<p>Die Gemeinderatsfraktion der &#8222;SPD &amp; Aktive Loffenauer B\u00fcrger&#8220; l\u00e4dt wie immer alle an der Kommunalpolitik interessierten B\u00fcrgerinnen und B\u00fcrger zu ihrer n\u00e4chsten Sitzung ein.<\/p>\n<p>Sie findet am <strong>Montag, dem 25. Juli 2016 um 19:30 Uhr<\/strong> im Gasthaus &#8222;Sonne&#8220; statt. Nutzen Sie die Gelegenheit, gemeinsam mit unseren Gemeinder\u00e4ten Manuela Nuber, Andrea Schr\u00f6ter, Traudl B\u00fchringer, Helmut M\u00f6hrmann und Wolfgang Reik die \u00f6ffentlichen Tagesordnungspunkte der am Tag darauf folgenden Gemeinderatssitzung zu diskutieren und mit Ihren Anregungen zu bereichern. Wir freuen uns auf Sie!<\/p>\n<p style=\"text-align: center;\"><strong>Wir stehen f\u00fcr B\u00fcrgern\u00e4he und Transparenz!<\/strong><\/p>\n","protected":false},"excerpt":{"rendered":"<p>Die Gemeinderatsfraktion der &#8222;SPD &amp; Aktive Loffenauer B\u00fcrger&#8220; l\u00e4dt wie immer alle an der Kommunalpolitik interessierten B\u00fcrgerinnen und B\u00fcrger zu ihrer n\u00e4chsten Sitzung ein. Sie findet am Montag, dem 25. Juli 2016 um 19:30 Uhr im Gasthaus &#8222;Sonne&#8220; statt. Nutzen Sie die Gelegenheit, gemeinsam mit unseren Gemeinder\u00e4ten Manuela Nuber, Andrea Schr\u00f6ter, Traudl B\u00fchringer, Helmut M\u00f6hrmann [&hellip;]<\/p>\n","protected":false},"author":1,"featured_media":0,"comment_status":"open","ping_status":"open","sticky":false,"template":"","format":"standard","meta":{"spay_email":"","jetpack_publicize_message":"","jetpack_is_tweetstorm":false,"jetpack_publicize_feature_enabled":true},"categories":[1],"tags":[],"jetpack_featured_media_url":"","jetpack_publicize_connections":[],"jetpack_sharing_enabled":true,"jetpack_shortlink":"https:\/\/wp.me\/p74UnC-c4","_links":{"self":[{"href":"https:\/\/www.spd-loffenau.de\/index.php?rest_route=\/wp\/v2\/posts\/748"}],"collection":[{"href":"https:\/\/www.spd-loffenau.de\/index.php?rest_route=\/wp\/v2\/posts"}],"about":[{"href":"https:\/\/www.spd-loffenau.de\/index.php?rest_route=\/wp\/v2\/types\/post"}],"author":[{"embeddable":true,"href":"https:\/\/www.spd-loffenau.de\/index.php?rest_route=\/wp\/v2\/users\/1"}],"replies":[{"embeddable":true,"href":"https:\/\/www.spd-loffenau.de\/index.php?rest_route=%2Fwp%2Fv2%2Fcomments&post=748"}],"version-history":[{"count":2,"href":"https:\/\/www.spd-loffenau.de\/index.php?rest_route=\/wp\/v2\/posts\/748\/revisions"}],"predecessor-version":[{"id":750,"href":"https:\/\/www.spd-loffenau.de\/index.php?rest_route=\/wp\/v2\/posts\/748\/revisions\/750"}],"wp:attachment":[{"href":"https:\/\/www.spd-loffenau.de\/index.php?rest_route=%2Fwp%2Fv2%2Fmedia&parent=748"}],"wp:term":[{"taxonomy":"category","embeddable":true,"href":"https:\/\/www.spd-loffenau.de\/index.php?rest_route=%2Fwp%2Fv2%2Fcategories&post=748"},{"taxonomy":"post_tag","embeddable":true,"href":"https:\/\/www.spd-loffenau.de\/index.php?rest_route=%2Fwp%2Fv2%2Ftags&post=748"}],"curies":[{"name":"wp","href":"https:\/\/api.w.org\/{rel}","templated":true}]}}