{"id":654,"date":"2015-02-23T22:45:38","date_gmt":"2015-02-23T20:45:38","guid":{"rendered":"http:\/\/www.spd-loffenau.de\/?p=654"},"modified":"2015-02-23T22:45:38","modified_gmt":"2015-02-23T20:45:38","slug":"naechste-oeffentliche-fraktionssitzung-am-montag-den-16-maerz-2015","status":"publish","type":"post","link":"https:\/\/www.spd-loffenau.de\/?p=654","title":{"rendered":"N\u00e4chste \u00f6ffentliche Fraktionssitzung am Montag, den 16. M\u00e4rz 2015"},"content":{"rendered":"<p style=\"text-align: left;\">Die Gemeinder\u00e4te der Fraktion &#8222;SPD &amp; Aktive Loffenauer B\u00fcrger&#8220; laden wieder alle kommunalpolitisch interessierten B\u00fcrgerinnen und B\u00fcrger zu ihrer n\u00e4chsten Sitzung ein, in der es haupts\u00e4chlich um den Etat der Gemeinde f\u00fcr das Jahr 2015 gehen wird. Manuela Nuber, Andrea Schr\u00f6ter, Traudl B\u00fchringer, Heinz-G\u00fcnter Beierlein und Fraktionssprecher Helmut M\u00f6hrmann freuen sich auf Ihre Fragen und Anregungen.<\/p>\n<p style=\"text-align: left;\"><strong>Wir treffen uns am Montag, 16. M\u00e4rz 2015 um 20:00 Uhr in der &#8222;Sonne&#8220;.<\/strong><\/p>\n<p><strong>Unsere Fraktionssitzungen sind seit vielen Jahren \u00f6ffentlich.<\/strong><\/p>\n<p><strong>Transparenz und B\u00fcrgern\u00e4he stehen nicht nur in unserem Wahlprogramm, sondern werden tats\u00e4chlich praktiziert!<\/strong><\/p>\n<p><strong>\u00a0<\/strong><\/p>\n","protected":false},"excerpt":{"rendered":"<p>Die Gemeinder\u00e4te der Fraktion &#8222;SPD &amp; Aktive Loffenauer B\u00fcrger&#8220; laden wieder alle kommunalpolitisch interessierten B\u00fcrgerinnen und B\u00fcrger zu ihrer n\u00e4chsten Sitzung ein, in der es haupts\u00e4chlich um den Etat der Gemeinde f\u00fcr das Jahr 2015 gehen wird. Manuela Nuber, Andrea Schr\u00f6ter, Traudl B\u00fchringer, Heinz-G\u00fcnter Beierlein und Fraktionssprecher Helmut M\u00f6hrmann freuen sich auf Ihre Fragen und [&hellip;]<\/p>\n","protected":false},"author":1,"featured_media":0,"comment_status":"open","ping_status":"open","sticky":false,"template":"","format":"standard","meta":{"spay_email":"","jetpack_publicize_message":"","jetpack_is_tweetstorm":false,"jetpack_publicize_feature_enabled":true},"categories":[1],"tags":[],"jetpack_featured_media_url":"","jetpack_publicize_connections":[],"jetpack_sharing_enabled":true,"jetpack_shortlink":"https:\/\/wp.me\/p74UnC-ay","_links":{"self":[{"href":"https:\/\/www.spd-loffenau.de\/index.php?rest_route=\/wp\/v2\/posts\/654"}],"collection":[{"href":"https:\/\/www.spd-loffenau.de\/index.php?rest_route=\/wp\/v2\/posts"}],"about":[{"href":"https:\/\/www.spd-loffenau.de\/index.php?rest_route=\/wp\/v2\/types\/post"}],"author":[{"embeddable":true,"href":"https:\/\/www.spd-loffenau.de\/index.php?rest_route=\/wp\/v2\/users\/1"}],"replies":[{"embeddable":true,"href":"https:\/\/www.spd-loffenau.de\/index.php?rest_route=%2Fwp%2Fv2%2Fcomments&post=654"}],"version-history":[{"count":6,"href":"https:\/\/www.spd-loffenau.de\/index.php?rest_route=\/wp\/v2\/posts\/654\/revisions"}],"predecessor-version":[{"id":660,"href":"https:\/\/www.spd-loffenau.de\/index.php?rest_route=\/wp\/v2\/posts\/654\/revisions\/660"}],"wp:attachment":[{"href":"https:\/\/www.spd-loffenau.de\/index.php?rest_route=%2Fwp%2Fv2%2Fmedia&parent=654"}],"wp:term":[{"taxonomy":"category","embeddable":true,"href":"https:\/\/www.spd-loffenau.de\/index.php?rest_route=%2Fwp%2Fv2%2Fcategories&post=654"},{"taxonomy":"post_tag","embeddable":true,"href":"https:\/\/www.spd-loffenau.de\/index.php?rest_route=%2Fwp%2Fv2%2Ftags&post=654"}],"curies":[{"name":"wp","href":"https:\/\/api.w.org\/{rel}","templated":true}]}}