{"id":646,"date":"2015-02-06T18:32:58","date_gmt":"2015-02-06T16:32:58","guid":{"rendered":"http:\/\/www.spd-loffenau.de\/?p=646"},"modified":"2015-02-06T18:33:36","modified_gmt":"2015-02-06T16:33:36","slug":"kaeppeleshuettenfest-am-7-maerz-2015","status":"publish","type":"post","link":"https:\/\/www.spd-loffenau.de\/?p=646","title":{"rendered":"K\u00e4ppelesh\u00fcttenfest am 7. M\u00e4rz 2015"},"content":{"rendered":"<p>Die Gemeinderatsfraktion der &#8222;SPD &amp; Aktive Loffenauer B\u00fcrger&#8220; richtet am Samstag, dem 7. M\u00e4rz 2015, wieder ihr traditionelles &#8222;K\u00e4ppelesh\u00fcttenfest&#8220; aus. Dazu laden die Gemeinder\u00e4te alle Mitglieder des SPD-Ortsvereins und alle\u00a0 Kandidatinnen und Kandidaten, die bei der letzten Kommunalwahl auf der gemeinsamen Liste angetreten sind, recht herzlich ein. Selbstverst\u00e4ndlich sind auch die Partnerinnen und Partner ebenfalls eingeladen.<\/p>\n<p>Wir wollen mit Euch einen gem\u00fctlichen H\u00fcttenabend verbringen. F\u00fcr Essen und Trinken ist selbstverst\u00e4ndlich gesorgt. Gl\u00e4ser, Teller, Besteck, Hunger, Durst und gute Laune m\u00fcsst Ihr selbst mitbringen!<\/p>\n<p style=\"text-align: center;\"><strong><br \/>\n<\/strong><strong>Auf ein sch\u00f6nes &#8222;Feschtle&#8220; freuen sich<br \/>\n<\/strong><\/p>\n<p style=\"text-align: center;\"><strong>Manuela, Andrea, Traudl, Helmut und Heinz-G\u00fcnter<\/strong><\/p>\n","protected":false},"excerpt":{"rendered":"<p>Die Gemeinderatsfraktion der &#8222;SPD &amp; Aktive Loffenauer B\u00fcrger&#8220; richtet am Samstag, dem 7. M\u00e4rz 2015, wieder ihr traditionelles &#8222;K\u00e4ppelesh\u00fcttenfest&#8220; aus. Dazu laden die Gemeinder\u00e4te alle Mitglieder des SPD-Ortsvereins und alle\u00a0 Kandidatinnen und Kandidaten, die bei der letzten Kommunalwahl auf der gemeinsamen Liste angetreten sind, recht herzlich ein. Selbstverst\u00e4ndlich sind auch die Partnerinnen und Partner ebenfalls [&hellip;]<\/p>\n","protected":false},"author":1,"featured_media":0,"comment_status":"open","ping_status":"open","sticky":false,"template":"","format":"standard","meta":{"spay_email":"","jetpack_publicize_message":"","jetpack_is_tweetstorm":false,"jetpack_publicize_feature_enabled":true},"categories":[1],"tags":[],"jetpack_featured_media_url":"","jetpack_publicize_connections":[],"jetpack_sharing_enabled":true,"jetpack_shortlink":"https:\/\/wp.me\/p74UnC-aq","_links":{"self":[{"href":"https:\/\/www.spd-loffenau.de\/index.php?rest_route=\/wp\/v2\/posts\/646"}],"collection":[{"href":"https:\/\/www.spd-loffenau.de\/index.php?rest_route=\/wp\/v2\/posts"}],"about":[{"href":"https:\/\/www.spd-loffenau.de\/index.php?rest_route=\/wp\/v2\/types\/post"}],"author":[{"embeddable":true,"href":"https:\/\/www.spd-loffenau.de\/index.php?rest_route=\/wp\/v2\/users\/1"}],"replies":[{"embeddable":true,"href":"https:\/\/www.spd-loffenau.de\/index.php?rest_route=%2Fwp%2Fv2%2Fcomments&post=646"}],"version-history":[{"count":6,"href":"https:\/\/www.spd-loffenau.de\/index.php?rest_route=\/wp\/v2\/posts\/646\/revisions"}],"predecessor-version":[{"id":652,"href":"https:\/\/www.spd-loffenau.de\/index.php?rest_route=\/wp\/v2\/posts\/646\/revisions\/652"}],"wp:attachment":[{"href":"https:\/\/www.spd-loffenau.de\/index.php?rest_route=%2Fwp%2Fv2%2Fmedia&parent=646"}],"wp:term":[{"taxonomy":"category","embeddable":true,"href":"https:\/\/www.spd-loffenau.de\/index.php?rest_route=%2Fwp%2Fv2%2Fcategories&post=646"},{"taxonomy":"post_tag","embeddable":true,"href":"https:\/\/www.spd-loffenau.de\/index.php?rest_route=%2Fwp%2Fv2%2Ftags&post=646"}],"curies":[{"name":"wp","href":"https:\/\/api.w.org\/{rel}","templated":true}]}}