{"id":639,"date":"2015-02-06T18:17:48","date_gmt":"2015-02-06T16:17:48","guid":{"rendered":"http:\/\/www.spd-loffenau.de\/?p=639"},"modified":"2015-02-06T18:17:48","modified_gmt":"2015-02-06T16:17:48","slug":"am-23-februar-naechste-oeffentliche-sitzung-der-fraktion-spd-aktive-loffenauer-buerger","status":"publish","type":"post","link":"https:\/\/www.spd-loffenau.de\/?p=639","title":{"rendered":"Am 23. Februar n\u00e4chste \u00f6ffentliche Sitzung der Fraktion &#8222;SPD &#038; Aktive Loffenauer B\u00fcrger&#8220;"},"content":{"rendered":"<p>Wie seit Jahren \u00fcblich findet auch die n\u00e4chste Sitzung der Gemeinderatsfraktion wieder \u00f6ffentlich statt. Unsere Gemeinder\u00e4te Manuela Nuber, Andrea Schr\u00f6ter, Traudl B\u00fchringer, Helmut M\u00f6hrmann und Heinz-G\u00fcnter Beierlein laden dazu alle Interessierten herzlich ein, am Montag, dem 23. Februar um 20:00 Uhr in das Gasthaus &#8222;Sonne&#8220; in Loffenau zu kommen. Informieren Sie sich aus erster Hand \u00fcber die aktuellen Themen und diskutieren Sie mit. Wir freuen uns auf Sie!<\/p>\n<p style=\"text-align: center;\"><strong>Wir stehen f\u00fcr B\u00fcrgern\u00e4he und Transparenz!<\/strong><\/p>\n","protected":false},"excerpt":{"rendered":"<p>Wie seit Jahren \u00fcblich findet auch die n\u00e4chste Sitzung der Gemeinderatsfraktion wieder \u00f6ffentlich statt. Unsere Gemeinder\u00e4te Manuela Nuber, Andrea Schr\u00f6ter, Traudl B\u00fchringer, Helmut M\u00f6hrmann und Heinz-G\u00fcnter Beierlein laden dazu alle Interessierten herzlich ein, am Montag, dem 23. Februar um 20:00 Uhr in das Gasthaus &#8222;Sonne&#8220; in Loffenau zu kommen. Informieren Sie sich aus erster Hand [&hellip;]<\/p>\n","protected":false},"author":1,"featured_media":0,"comment_status":"open","ping_status":"open","sticky":false,"template":"","format":"standard","meta":{"spay_email":"","jetpack_publicize_message":"","jetpack_is_tweetstorm":false,"jetpack_publicize_feature_enabled":true},"categories":[1],"tags":[],"jetpack_featured_media_url":"","jetpack_publicize_connections":[],"jetpack_sharing_enabled":true,"jetpack_shortlink":"https:\/\/wp.me\/p74UnC-aj","_links":{"self":[{"href":"https:\/\/www.spd-loffenau.de\/index.php?rest_route=\/wp\/v2\/posts\/639"}],"collection":[{"href":"https:\/\/www.spd-loffenau.de\/index.php?rest_route=\/wp\/v2\/posts"}],"about":[{"href":"https:\/\/www.spd-loffenau.de\/index.php?rest_route=\/wp\/v2\/types\/post"}],"author":[{"embeddable":true,"href":"https:\/\/www.spd-loffenau.de\/index.php?rest_route=\/wp\/v2\/users\/1"}],"replies":[{"embeddable":true,"href":"https:\/\/www.spd-loffenau.de\/index.php?rest_route=%2Fwp%2Fv2%2Fcomments&post=639"}],"version-history":[{"count":6,"href":"https:\/\/www.spd-loffenau.de\/index.php?rest_route=\/wp\/v2\/posts\/639\/revisions"}],"predecessor-version":[{"id":645,"href":"https:\/\/www.spd-loffenau.de\/index.php?rest_route=\/wp\/v2\/posts\/639\/revisions\/645"}],"wp:attachment":[{"href":"https:\/\/www.spd-loffenau.de\/index.php?rest_route=%2Fwp%2Fv2%2Fmedia&parent=639"}],"wp:term":[{"taxonomy":"category","embeddable":true,"href":"https:\/\/www.spd-loffenau.de\/index.php?rest_route=%2Fwp%2Fv2%2Fcategories&post=639"},{"taxonomy":"post_tag","embeddable":true,"href":"https:\/\/www.spd-loffenau.de\/index.php?rest_route=%2Fwp%2Fv2%2Ftags&post=639"}],"curies":[{"name":"wp","href":"https:\/\/api.w.org\/{rel}","templated":true}]}}