{"id":589,"date":"2014-07-22T21:14:31","date_gmt":"2014-07-22T19:14:31","guid":{"rendered":"http:\/\/www.spd-loffenau.de\/?p=589"},"modified":"2014-07-22T21:14:31","modified_gmt":"2014-07-22T19:14:31","slug":"keine-oeffentliche-fraktionssitzung-vor-der-konstituierenden-sitzung-des-gemeinderats","status":"publish","type":"post","link":"https:\/\/www.spd-loffenau.de\/?p=589","title":{"rendered":"Keine \u00f6ffentliche Fraktionssitzung vor der konstituierenden Sitzung des Gemeinderats"},"content":{"rendered":"<p>Die sonst \u00fcbliche \u00f6ffentliche Fraktionssitzung vor der Gemeinderatssitzung am Mittwoch, dem 30. Juli 2014 entf\u00e4llt. Der Grund: auf der Tagesordnung\u00a0 der konstituierenden Sitzung des neuen Gemeinderats stehen lediglich die Wahlen der Stellvertreter des B\u00fcrgermeisters und die Benennung der Mitglieder der verschiedenen Aussch\u00fcsse.<\/p>\n<p>Wir freuen uns sehr auf diese Sitzung, weil wir nach dem gro\u00dfartigen Wahlergebnis vom\u00a0\u00a0 25. Mai 2014 nun zum ersten Mal die st\u00e4rkste Fraktion im Loffenauer Gemeinderat stellen.<\/p>\n","protected":false},"excerpt":{"rendered":"<p>Die sonst \u00fcbliche \u00f6ffentliche Fraktionssitzung vor der Gemeinderatssitzung am Mittwoch, dem 30. Juli 2014 entf\u00e4llt. Der Grund: auf der Tagesordnung\u00a0 der konstituierenden Sitzung des neuen Gemeinderats stehen lediglich die Wahlen der Stellvertreter des B\u00fcrgermeisters und die Benennung der Mitglieder der verschiedenen Aussch\u00fcsse. Wir freuen uns sehr auf diese Sitzung, weil wir nach dem gro\u00dfartigen Wahlergebnis [&hellip;]<\/p>\n","protected":false},"author":1,"featured_media":0,"comment_status":"open","ping_status":"open","sticky":false,"template":"","format":"standard","meta":{"spay_email":"","jetpack_publicize_message":"","jetpack_is_tweetstorm":false,"jetpack_publicize_feature_enabled":true},"categories":[1],"tags":[],"jetpack_featured_media_url":"","jetpack_publicize_connections":[],"jetpack_sharing_enabled":true,"jetpack_shortlink":"https:\/\/wp.me\/p74UnC-9v","_links":{"self":[{"href":"https:\/\/www.spd-loffenau.de\/index.php?rest_route=\/wp\/v2\/posts\/589"}],"collection":[{"href":"https:\/\/www.spd-loffenau.de\/index.php?rest_route=\/wp\/v2\/posts"}],"about":[{"href":"https:\/\/www.spd-loffenau.de\/index.php?rest_route=\/wp\/v2\/types\/post"}],"author":[{"embeddable":true,"href":"https:\/\/www.spd-loffenau.de\/index.php?rest_route=\/wp\/v2\/users\/1"}],"replies":[{"embeddable":true,"href":"https:\/\/www.spd-loffenau.de\/index.php?rest_route=%2Fwp%2Fv2%2Fcomments&post=589"}],"version-history":[{"count":5,"href":"https:\/\/www.spd-loffenau.de\/index.php?rest_route=\/wp\/v2\/posts\/589\/revisions"}],"predecessor-version":[{"id":594,"href":"https:\/\/www.spd-loffenau.de\/index.php?rest_route=\/wp\/v2\/posts\/589\/revisions\/594"}],"wp:attachment":[{"href":"https:\/\/www.spd-loffenau.de\/index.php?rest_route=%2Fwp%2Fv2%2Fmedia&parent=589"}],"wp:term":[{"taxonomy":"category","embeddable":true,"href":"https:\/\/www.spd-loffenau.de\/index.php?rest_route=%2Fwp%2Fv2%2Fcategories&post=589"},{"taxonomy":"post_tag","embeddable":true,"href":"https:\/\/www.spd-loffenau.de\/index.php?rest_route=%2Fwp%2Fv2%2Ftags&post=589"}],"curies":[{"name":"wp","href":"https:\/\/api.w.org\/{rel}","templated":true}]}}