{"id":1505,"date":"2024-02-21T17:59:43","date_gmt":"2024-02-21T15:59:43","guid":{"rendered":"https:\/\/www.spd-loffenau.de\/?p=1505"},"modified":"2024-02-21T17:59:43","modified_gmt":"2024-02-21T15:59:43","slug":"loffenauer-spd-schliesst-sich-dem-buendnis-gaggenau-fuer-demokratie-an-oeffentliche-fraktionssitzung-am-26-februar","status":"publish","type":"post","link":"https:\/\/www.spd-loffenau.de\/?p=1505","title":{"rendered":"Loffenauer SPD schlie\u00dft sich dem B\u00fcndnis &#8222;Gaggenau f\u00fcr Demokratie&#8220; an\/\u00d6ffentliche Fraktionssitzung am 26. Februar"},"content":{"rendered":"<p><strong>Bei seiner turnusm\u00e4\u00dfigen Mitgliederversammlung hat der SPD-Ortsverein einstimmig beschlossen, sich dem B\u00fcndnis \u201eGaggenau f\u00fcr Demokratie\u201c anzuschlie\u00dfen. \u201eDamit wollen wir dazu beitragen, dass dieses \u00fcberparteiliche B\u00fcndnis weitere Unterst\u00fctzung im Murgtal findet. Im Kampf gegen den menschenverachtenden Rechtsextremismus und f\u00fcr die St\u00e4rkung unserer Demokratie sind wir alle aufgerufen, Farbe zu bekennen und auch Gesicht zu zeigen.\u201c, erkl\u00e4rte der SPD-Ortsvereinsvorsitzende, Gert B\u00fchringer.<br \/>\nDie vielen friedlichen Demonstrationen in Rastatt, Gaggenau und Baden-Baden sind f\u00fcr die SPD ein ermutigendes Zeichen. \u201eEndlich zeigen und engagieren sich die Demokraten \u00f6ffentlich und \u00fcberlassen nicht mehr nur denen das Feld, die bislang lautstark mit Hass-Parolen auf eine Spaltung der Gesellschaft und Abschaffung der Demokratie hinarbeiten,\u201c so B\u00fchringer weiter.<br \/>\nDie Loffenauer SPD ruft die B\u00fcrgerinnen und B\u00fcrger auf, sich an der n\u00e4chsten Demo f\u00fcr Demokratie in Rastat<\/strong>t <strong>zu beteiligen. Sie findet am <\/strong><strong>Samstag, 24. Februar um 14:30 Uhr<\/strong><strong> auf dem Marktplatz statt. Es w\u00e4re toll, wenn sich Fahrgemeinschaften aus Loffenau finden.<br \/>\nMit dem Fraktionssprecher der \u201eSPD &#038; Aktive Loffenauer B\u00fcrger\u201c, Wolfgang Reik, diskutierte die Versammlung \u00fcber den Stand der Vorbereitungen f\u00fcr die Kommunalwahlen. \u201eDie Kandidatinnen und Kandidaten unserer Liste haben in zwei gemeinsamen Mini-Klausuren erste Eckpunkte f\u00fcr ein zukunftsorientiertes Wahlprogramm entwickelt und ausgearbeitet. Mitte M\u00e4rz werden wir dann unser kompetentes Kandidaten-Team der Loffenauer B\u00fcrgerschaft pr\u00e4sentieren\u201c, k\u00fcndigte Reik an.<br \/>\nGemeinsam mit seinen Gemeinderatskolleg*innen Andrea Schr\u00f6ter, Tobias M\u00fchlh\u00e4user und Peter Loch l\u00e4dt Wolfgang Reik alle an der Gemeindepolitik Interessierten zur n\u00e4chsten \u00f6ffentlichen Fraktionssitzung ein. Sie findet am Montag, dem 26. Februar 2024 statt und beginnt wie immer um 19:30 Uhr im Gasthaus \u201eSonne\u201c. <\/p>\n","protected":false},"excerpt":{"rendered":"<p>Bei seiner turnusm\u00e4\u00dfigen Mitgliederversammlung hat der SPD-Ortsverein einstimmig beschlossen, sich dem B\u00fcndnis \u201eGaggenau f\u00fcr Demokratie\u201c anzuschlie\u00dfen. \u201eDamit wollen wir dazu beitragen, dass dieses \u00fcberparteiliche B\u00fcndnis weitere Unterst\u00fctzung im Murgtal findet. Im Kampf gegen den menschenverachtenden Rechtsextremismus und f\u00fcr die St\u00e4rkung unserer Demokratie sind wir alle aufgerufen, Farbe zu bekennen und auch Gesicht zu zeigen.\u201c, erkl\u00e4rte [&hellip;]<\/p>\n","protected":false},"author":2,"featured_media":0,"comment_status":"open","ping_status":"open","sticky":false,"template":"","format":"standard","meta":{"spay_email":"","jetpack_publicize_message":"","jetpack_is_tweetstorm":false,"jetpack_publicize_feature_enabled":true},"categories":[1],"tags":[],"jetpack_featured_media_url":"","jetpack_publicize_connections":[],"jetpack_sharing_enabled":true,"jetpack_shortlink":"https:\/\/wp.me\/p74UnC-oh","_links":{"self":[{"href":"https:\/\/www.spd-loffenau.de\/index.php?rest_route=\/wp\/v2\/posts\/1505"}],"collection":[{"href":"https:\/\/www.spd-loffenau.de\/index.php?rest_route=\/wp\/v2\/posts"}],"about":[{"href":"https:\/\/www.spd-loffenau.de\/index.php?rest_route=\/wp\/v2\/types\/post"}],"author":[{"embeddable":true,"href":"https:\/\/www.spd-loffenau.de\/index.php?rest_route=\/wp\/v2\/users\/2"}],"replies":[{"embeddable":true,"href":"https:\/\/www.spd-loffenau.de\/index.php?rest_route=%2Fwp%2Fv2%2Fcomments&post=1505"}],"version-history":[{"count":5,"href":"https:\/\/www.spd-loffenau.de\/index.php?rest_route=\/wp\/v2\/posts\/1505\/revisions"}],"predecessor-version":[{"id":1510,"href":"https:\/\/www.spd-loffenau.de\/index.php?rest_route=\/wp\/v2\/posts\/1505\/revisions\/1510"}],"wp:attachment":[{"href":"https:\/\/www.spd-loffenau.de\/index.php?rest_route=%2Fwp%2Fv2%2Fmedia&parent=1505"}],"wp:term":[{"taxonomy":"category","embeddable":true,"href":"https:\/\/www.spd-loffenau.de\/index.php?rest_route=%2Fwp%2Fv2%2Fcategories&post=1505"},{"taxonomy":"post_tag","embeddable":true,"href":"https:\/\/www.spd-loffenau.de\/index.php?rest_route=%2Fwp%2Fv2%2Ftags&post=1505"}],"curies":[{"name":"wp","href":"https:\/\/api.w.org\/{rel}","templated":true}]}}