{"id":1,"date":"2009-05-03T18:42:08","date_gmt":"2009-05-03T16:42:08","guid":{"rendered":"http:\/\/www2.spd-loffenau.de\/?p=1"},"modified":"2024-05-11T08:15:23","modified_gmt":"2024-05-11T06:15:23","slug":"hallo-welt","status":"publish","type":"post","link":"https:\/\/www.spd-loffenau.de\/?p=1","title":{"rendered":"Herzlich willkommen"},"content":{"rendered":"<p>&nbsp;<\/p>\n<p><strong><img data-attachment-id=\"1592\" data-permalink=\"https:\/\/www.spd-loffenau.de\/?attachment_id=1592\" data-orig-file=\"https:\/\/www.spd-loffenau.de\/wp-content\/uploads\/Bildschirmfoto-2024-05-11-um-08.14.07.png\" data-orig-size=\"1214,1650\" data-comments-opened=\"1\" data-image-meta=\"{&quot;aperture&quot;:&quot;0&quot;,&quot;credit&quot;:&quot;&quot;,&quot;camera&quot;:&quot;&quot;,&quot;caption&quot;:&quot;&quot;,&quot;created_timestamp&quot;:&quot;0&quot;,&quot;copyright&quot;:&quot;&quot;,&quot;focal_length&quot;:&quot;0&quot;,&quot;iso&quot;:&quot;0&quot;,&quot;shutter_speed&quot;:&quot;0&quot;,&quot;title&quot;:&quot;&quot;,&quot;orientation&quot;:&quot;0&quot;}\" data-image-title=\"Bildschirmfoto 2024-05-11 um 08.14.07\" data-image-description=\"\" data-image-caption=\"\" data-medium-file=\"https:\/\/www.spd-loffenau.de\/wp-content\/uploads\/Bildschirmfoto-2024-05-11-um-08.14.07-221x300.png\" data-large-file=\"https:\/\/www.spd-loffenau.de\/wp-content\/uploads\/Bildschirmfoto-2024-05-11-um-08.14.07-753x1024.png\" loading=\"lazy\" class=\"alignleft size-medium wp-image-1592\" src=\"http:\/\/www.spd-loffenau.de\/wp-content\/uploads\/Bildschirmfoto-2024-05-11-um-08.14.07-221x300.png\" alt=\"\" width=\"221\" height=\"300\" srcset=\"https:\/\/www.spd-loffenau.de\/wp-content\/uploads\/Bildschirmfoto-2024-05-11-um-08.14.07-221x300.png 221w, https:\/\/www.spd-loffenau.de\/wp-content\/uploads\/Bildschirmfoto-2024-05-11-um-08.14.07-753x1024.png 753w, https:\/\/www.spd-loffenau.de\/wp-content\/uploads\/Bildschirmfoto-2024-05-11-um-08.14.07-768x1044.png 768w, https:\/\/www.spd-loffenau.de\/wp-content\/uploads\/Bildschirmfoto-2024-05-11-um-08.14.07-1130x1536.png 1130w, https:\/\/www.spd-loffenau.de\/wp-content\/uploads\/Bildschirmfoto-2024-05-11-um-08.14.07.png 1214w\" sizes=\"(max-width: 221px) 100vw, 221px\" \/>Willkommen auf der Homepage des SPD-Ortsvereins Loffenau! <\/strong><\/p>\n<p>Hier erfahren Sie alles \u00fcber die Aktivit\u00e4ten unserer Partei und vor allem \u00fcber die Arbeit unserer Gemeinderatsfraktion &#8222;SPD und &#8222;Aktive Loffenauer B\u00fcrger&#8220;. Sie stellt seit den letzten Wahlen 2019 vier Mitglieder. Dieses Ergebnis wollen wir bei den n\u00e4chsten Kommunalwahlen am 9. Juni 2024 noch verbessern.<\/p>\n<p>Unter F\u00fchrung von Fraktionssprecher Wolfgang Reik leisten Andrea Schr\u00f6ter, Tobias M\u00fchlh\u00e4user und Peter Loch mit gro\u00dfem Sachverstand und Kompetenz hervorragende Arbeit. Ihr Handeln war und ist ausschlie\u00dflich am Wohle der Gemeinde und der B\u00fcrgerschaft orientiert. Sie treffen ihre Entscheidungen frei und unabh\u00e4ngig, selbstverst\u00e4ndlich ohne Fraktionszwang und f\u00fcr alle transparent und nachvollziehbar. Die Fraktion der &#8222;SPD &amp; Aktive Loffenauer B\u00fcrger&#8220; steht seit vielen Jahren f\u00fcr gelebte B\u00fcrgern\u00e4he und Transparenz!<\/p>\n<p>Ihre Sitzungen sind \u00f6ffentlich. Das wird auch weiterhin so bleiben. Viele B\u00fcrger haben die Chance bereits genutzt und sich aus erster Hand \u00fcber die kommunalpolitischen Themen und Entscheidungen informiert.<\/p>\n<p>&nbsp;<\/p>\n<p><strong><em>Ihr Gert B\u00fchringer<\/em><\/strong><\/p>\n","protected":false},"excerpt":{"rendered":"<p>&nbsp; Willkommen auf der Homepage des SPD-Ortsvereins Loffenau! Hier erfahren Sie alles \u00fcber die Aktivit\u00e4ten unserer Partei und vor allem \u00fcber die Arbeit unserer Gemeinderatsfraktion &#8222;SPD und &#8222;Aktive Loffenauer B\u00fcrger&#8220;. Sie stellt seit den letzten Wahlen 2019 vier Mitglieder. Dieses Ergebnis wollen wir bei den n\u00e4chsten Kommunalwahlen am 9. Juni 2024 noch verbessern. Unter F\u00fchrung [&hellip;]<\/p>\n","protected":false},"author":1,"featured_media":0,"comment_status":"open","ping_status":"open","sticky":false,"template":"","format":"standard","meta":{"spay_email":"","jetpack_publicize_message":"","jetpack_is_tweetstorm":false,"jetpack_publicize_feature_enabled":true},"categories":[1],"tags":[],"jetpack_featured_media_url":"","jetpack_publicize_connections":[],"jetpack_sharing_enabled":true,"jetpack_shortlink":"https:\/\/wp.me\/p74UnC-1","_links":{"self":[{"href":"https:\/\/www.spd-loffenau.de\/index.php?rest_route=\/wp\/v2\/posts\/1"}],"collection":[{"href":"https:\/\/www.spd-loffenau.de\/index.php?rest_route=\/wp\/v2\/posts"}],"about":[{"href":"https:\/\/www.spd-loffenau.de\/index.php?rest_route=\/wp\/v2\/types\/post"}],"author":[{"embeddable":true,"href":"https:\/\/www.spd-loffenau.de\/index.php?rest_route=\/wp\/v2\/users\/1"}],"replies":[{"embeddable":true,"href":"https:\/\/www.spd-loffenau.de\/index.php?rest_route=%2Fwp%2Fv2%2Fcomments&post=1"}],"version-history":[{"count":27,"href":"https:\/\/www.spd-loffenau.de\/index.php?rest_route=\/wp\/v2\/posts\/1\/revisions"}],"predecessor-version":[{"id":1593,"href":"https:\/\/www.spd-loffenau.de\/index.php?rest_route=\/wp\/v2\/posts\/1\/revisions\/1593"}],"wp:attachment":[{"href":"https:\/\/www.spd-loffenau.de\/index.php?rest_route=%2Fwp%2Fv2%2Fmedia&parent=1"}],"wp:term":[{"taxonomy":"category","embeddable":true,"href":"https:\/\/www.spd-loffenau.de\/index.php?rest_route=%2Fwp%2Fv2%2Fcategories&post=1"},{"taxonomy":"post_tag","embeddable":true,"href":"https:\/\/www.spd-loffenau.de\/index.php?rest_route=%2Fwp%2Fv2%2Ftags&post=1"}],"curies":[{"name":"wp","href":"https:\/\/api.w.org\/{rel}","templated":true}]}}