{"id":968,"date":"2018-12-18T15:25:50","date_gmt":"2018-12-18T13:25:50","guid":{"rendered":"http:\/\/www.spd-loffenau.de\/?p=968"},"modified":"2018-12-18T15:25:50","modified_gmt":"2018-12-18T13:25:50","slug":"unsere-gedanken-zur-adventszeit-2018","status":"publish","type":"post","link":"http:\/\/www.spd-loffenau.de\/?p=968","title":{"rendered":"Unsere Gedanken zur Adventszeit 2018"},"content":{"rendered":"<p>&nbsp;<\/p>\n<h2><strong>Es ist mal wieder an der Zeit &#8230;<\/strong><\/h2>\n<p>&nbsp;<\/p>\n<p><strong><em>&#8230;nachzudenken<\/em>!<\/strong><\/p>\n<p><strong>Jetzt am Jahresende ziehen viele Menschen wieder ihre ganz pers\u00f6nliche Bilanz. War 2018 ein gutes oder ein schlechtes Jahr? Was hat es eigentlich f\u00fcr mich, meine Familie und meine Freunde gebracht? Geht es mir nun besser oder schlechter als noch 2017? Habe ich vor der Zukunft eher Angst oder gehe ich zuversichtlich ins neue Jahr? Wie w\u00e4re es da mit einem guten Vorsatz?<\/strong><\/p>\n<p><em><strong>&#8230;dankbar zu sein!<\/strong><\/em><\/p>\n<p><strong>Daf\u00fcr, dass wir seit vielen Jahrzehnten mitten in Europa in Frieden und Freiheit leben k\u00f6nnen. Daf\u00fcr, dass wir die vielen Vorz\u00fcge der Demokratie genie\u00dfen d\u00fcrfen. Daf\u00fcr, dass wir ein tolles Grundgesetz \u00a0haben, mit weitreichenden B\u00fcrgerrechten, wie z.B. der Meinungs- freiheit. Daf\u00fcr, dass all dies durch Gewaltenteilung abgesichert ist. Daf\u00fcr haben viele hart gearbeitet und darauf k\u00f6nnen wir stolz sein!<\/strong><\/p>\n<p><em><strong>&#8230;genau hinzusehen und hinzuh\u00f6ren!<\/strong><\/em><\/p>\n<p><strong>Die Menschen in Deutschland haben f\u00fcr unsere Gesellschaft so viel Positives erreicht! Womit? Durch ein gro\u00dfartiges &#8222;Miteinander&#8220;! Wir d\u00fcrfen es nicht zulassen, dass daraus nun ein &#8222;Gegeneinander&#8220; wird. Alt gegen Jung, Arm gegen Reich, Einheimische gegen Fremde. Das f\u00fchrt nur zu Hass und Gewalt gegen\u00fcber Andersdenkenden, Andersgl\u00e4ubigen oder Andersaussehenden. Das spaltet unser Land!<\/strong><\/p>\n<p><em><strong>&#8230;den Blick zu weiten!<\/strong><\/em><\/p>\n<p><strong>Die wichtigen Problemstellungen unserer Zeit wie der Klimawandel, die Migration oder die rasend schnellen Ver\u00e4nderungen in unserer Arbeitswelt gehen uns alle an. Sie machen nicht an Grenzz\u00e4unen halt! Es gibt auch keine einfachen L\u00f6sungen, nur gemeinsame! Wer glaubt, dass Nationalismus, Egoismus und Intoleranz zum Erfolg f\u00fchren, handelt r\u00fccksichtslos und r\u00fcckw\u00e4rts gewandt! Das gilt nicht nur bei uns, sondern auch in ganz Europa, in den USA und weltweit!<\/strong><\/p>\n<p><em><strong>&#8230;Haltung zu zeigen!<\/strong><\/em><\/p>\n<p><strong>Freiheit und Demokratie bekommt man nicht geschenkt! Jede und Jeder von uns kann etwas daf\u00fcr tun! Ganz gleich ob in der Familie, im Freundes- und Bekanntenkreis, im Verein oder am Arbeitsplatz &#8211; engagieren Sie sich f\u00fcr ein weltoffenes und tolerantes Deutschland, f\u00fcr unsere starke Werte-Gemeinschaft. Zeigen Sie Haltung und widersprechen Sie klar und deutlich allen Populisten und Hetzern, egal ob sie von Rechtsau\u00dfen oder Linksau\u00dfen kommen!<\/strong><\/p>\n<p><em><strong>&#8230;aktiv zu werden!<\/strong><\/em><\/p>\n<p><strong>am 26. Mai 2019 k\u00f6nnen Sie wieder Ihren Gemeinderat w\u00e4hlen! Oder noch besser &#8211; daf\u00fcr kandidieren. Nirgendwo in der Politik ist es so einfach, sich selbst direkt einzubringen f\u00fcr eine gute Zukunft der Menschen in Loffenau. Das w\u00e4re doch mal ein guter Vorsatz!<\/strong><\/p>\n","protected":false},"excerpt":{"rendered":"<p>&nbsp; Es ist mal wieder an der Zeit &#8230; &nbsp; &#8230;nachzudenken! Jetzt am Jahresende ziehen viele Menschen wieder ihre ganz pers\u00f6nliche Bilanz. War 2018 ein gutes oder ein schlechtes Jahr? Was hat es eigentlich f\u00fcr mich, meine Familie und meine Freunde gebracht? Geht es mir nun besser oder schlechter als noch 2017? Habe ich vor [&hellip;]<\/p>\n","protected":false},"author":1,"featured_media":0,"comment_status":"open","ping_status":"open","sticky":false,"template":"","format":"standard","meta":{"spay_email":"","jetpack_publicize_message":"","jetpack_is_tweetstorm":false,"jetpack_publicize_feature_enabled":true},"categories":[1],"tags":[],"jetpack_featured_media_url":"","jetpack_publicize_connections":[],"jetpack_sharing_enabled":true,"jetpack_shortlink":"https:\/\/wp.me\/p74UnC-fC","_links":{"self":[{"href":"http:\/\/www.spd-loffenau.de\/index.php?rest_route=\/wp\/v2\/posts\/968"}],"collection":[{"href":"http:\/\/www.spd-loffenau.de\/index.php?rest_route=\/wp\/v2\/posts"}],"about":[{"href":"http:\/\/www.spd-loffenau.de\/index.php?rest_route=\/wp\/v2\/types\/post"}],"author":[{"embeddable":true,"href":"http:\/\/www.spd-loffenau.de\/index.php?rest_route=\/wp\/v2\/users\/1"}],"replies":[{"embeddable":true,"href":"http:\/\/www.spd-loffenau.de\/index.php?rest_route=%2Fwp%2Fv2%2Fcomments&post=968"}],"version-history":[{"count":4,"href":"http:\/\/www.spd-loffenau.de\/index.php?rest_route=\/wp\/v2\/posts\/968\/revisions"}],"predecessor-version":[{"id":972,"href":"http:\/\/www.spd-loffenau.de\/index.php?rest_route=\/wp\/v2\/posts\/968\/revisions\/972"}],"wp:attachment":[{"href":"http:\/\/www.spd-loffenau.de\/index.php?rest_route=%2Fwp%2Fv2%2Fmedia&parent=968"}],"wp:term":[{"taxonomy":"category","embeddable":true,"href":"http:\/\/www.spd-loffenau.de\/index.php?rest_route=%2Fwp%2Fv2%2Fcategories&post=968"},{"taxonomy":"post_tag","embeddable":true,"href":"http:\/\/www.spd-loffenau.de\/index.php?rest_route=%2Fwp%2Fv2%2Ftags&post=968"}],"curies":[{"name":"wp","href":"https:\/\/api.w.org\/{rel}","templated":true}]}}