{"id":812,"date":"2017-05-04T11:30:48","date_gmt":"2017-05-04T09:30:48","guid":{"rendered":"http:\/\/www.spd-loffenau.de\/?p=812"},"modified":"2017-05-04T11:30:48","modified_gmt":"2017-05-04T09:30:48","slug":"naechste-oeffentliche-fraktionssitzung-findet-am-montag-dem-8-mai-2017-statt","status":"publish","type":"post","link":"http:\/\/www.spd-loffenau.de\/?p=812","title":{"rendered":"N\u00e4chste \u00f6ffentliche Fraktionssitzung findet am Montag, dem 8. Mai 2017 statt"},"content":{"rendered":"<p>Die Gemeinderatsfraktion der &#8222;SPD &amp; Aktive Loffenauer B\u00fcrger&#8220; l\u00e4dt schon fast traditionsgem\u00e4\u00df alle an der Kommunalpolitik interessierten B\u00fcrgerinnen und B\u00fcrger zu ihrer n\u00e4chsten \u00f6ffentlichen Sitzung ein. Sie findet am n\u00e4chsten Montag, dem 8. Mai 2017 im Gasthaus &#8222;Sonne&#8220; statt und beginnt um 20:00 Uhr. Auf der Tagesordnung stehen unter anderem die Beratungen \u00fcber die Sanierung des Kleinspielfeldes bei der Turnhalle und die Sanierung des Kunstrasen-Kleinspielfeldes beim Sportplatz.<\/p>\n<p>Kommen Sie und nutzen Sie die Gelegenheit, sich aus erster Hand informieren zu lassen. Diskutieren Sie mit uns und beteligen Sie sich aktiv mit Fragen und Anregungen an der Kommunalpolitik.<\/p>\n<p>Unsere Gemeinder\u00e4te Manuela Nuber, Andrea Schr\u00f6ter, Traudl B\u00fchringer, Wolfgang Reik und Fraktionssprecher Hewlmut M\u00f6hrmann freuen sich auf Sie!<\/p>\n<p>SPD &amp; Aktive Loffenauer B\u00fcrger &#8211; wir stehen f\u00fcr Transparenz und B\u00fcrgern\u00e4he!<\/p>\n","protected":false},"excerpt":{"rendered":"<p>Die Gemeinderatsfraktion der &#8222;SPD &amp; Aktive Loffenauer B\u00fcrger&#8220; l\u00e4dt schon fast traditionsgem\u00e4\u00df alle an der Kommunalpolitik interessierten B\u00fcrgerinnen und B\u00fcrger zu ihrer n\u00e4chsten \u00f6ffentlichen Sitzung ein. Sie findet am n\u00e4chsten Montag, dem 8. Mai 2017 im Gasthaus &#8222;Sonne&#8220; statt und beginnt um 20:00 Uhr. Auf der Tagesordnung stehen unter anderem die Beratungen \u00fcber die Sanierung [&hellip;]<\/p>\n","protected":false},"author":1,"featured_media":0,"comment_status":"open","ping_status":"open","sticky":false,"template":"","format":"standard","meta":{"spay_email":"","jetpack_publicize_message":"","jetpack_is_tweetstorm":false,"jetpack_publicize_feature_enabled":true},"categories":[1],"tags":[],"jetpack_featured_media_url":"","jetpack_publicize_connections":[],"jetpack_sharing_enabled":true,"jetpack_shortlink":"https:\/\/wp.me\/p74UnC-d6","_links":{"self":[{"href":"http:\/\/www.spd-loffenau.de\/index.php?rest_route=\/wp\/v2\/posts\/812"}],"collection":[{"href":"http:\/\/www.spd-loffenau.de\/index.php?rest_route=\/wp\/v2\/posts"}],"about":[{"href":"http:\/\/www.spd-loffenau.de\/index.php?rest_route=\/wp\/v2\/types\/post"}],"author":[{"embeddable":true,"href":"http:\/\/www.spd-loffenau.de\/index.php?rest_route=\/wp\/v2\/users\/1"}],"replies":[{"embeddable":true,"href":"http:\/\/www.spd-loffenau.de\/index.php?rest_route=%2Fwp%2Fv2%2Fcomments&post=812"}],"version-history":[{"count":4,"href":"http:\/\/www.spd-loffenau.de\/index.php?rest_route=\/wp\/v2\/posts\/812\/revisions"}],"predecessor-version":[{"id":816,"href":"http:\/\/www.spd-loffenau.de\/index.php?rest_route=\/wp\/v2\/posts\/812\/revisions\/816"}],"wp:attachment":[{"href":"http:\/\/www.spd-loffenau.de\/index.php?rest_route=%2Fwp%2Fv2%2Fmedia&parent=812"}],"wp:term":[{"taxonomy":"category","embeddable":true,"href":"http:\/\/www.spd-loffenau.de\/index.php?rest_route=%2Fwp%2Fv2%2Fcategories&post=812"},{"taxonomy":"post_tag","embeddable":true,"href":"http:\/\/www.spd-loffenau.de\/index.php?rest_route=%2Fwp%2Fv2%2Ftags&post=812"}],"curies":[{"name":"wp","href":"https:\/\/api.w.org\/{rel}","templated":true}]}}