{"id":795,"date":"2017-01-20T11:24:26","date_gmt":"2017-01-20T09:24:26","guid":{"rendered":"http:\/\/www.spd-loffenau.de\/?p=795"},"modified":"2017-01-20T11:24:26","modified_gmt":"2017-01-20T09:24:26","slug":"unsere-spd-bundestagsabgeordnete-gabriele-katzmarek-kommt-nach-loffenau","status":"publish","type":"post","link":"http:\/\/www.spd-loffenau.de\/?p=795","title":{"rendered":"Unsere SPD-Bundestagsabgeordnete, Gabriele Katzmarek, kommt nach Loffenau"},"content":{"rendered":"<p><strong>Unsere SPD-Bundestagsabgeordnete, Gabriele Katzmarek, setzt die Reihe ihrer B\u00fcrgergespr\u00e4che vor Ort auch im neuen Jahr fort.<\/strong><\/p>\n<p><strong>Am Donnerstag, den 2. Februar 2017 kommt sie dabei nach Loffenau. Mit ihrer &#8222;AnsprechBAR&#8220; steht Gabriele Katzmarek den B\u00fcrgerinnen und B\u00fcrgern zwischen 9:00 Uhr und 9:45 Uhr vor dem &#8222;Landmarkt Gie\u00dfler&#8220;Rede und Antwort.<\/strong><\/p>\n<p><strong>Nutzen Sie die Chance und stellen Sie Ihrer Wahlkreisabgeordneten Ihre Fragen. Diskutieren Sie mit Ihr und dem SPD-Ortsverein.<\/strong><\/p>\n<p style=\"text-align: center;\"><strong>Gabriele Katzmarek und die Loffenauer SPD <\/strong><\/p>\n<p style=\"text-align: center;\"><strong>Wir stehen f\u00fcr B\u00fcrgern\u00e4he und Transparenz!<\/strong><\/p>\n","protected":false},"excerpt":{"rendered":"<p>Unsere SPD-Bundestagsabgeordnete, Gabriele Katzmarek, setzt die Reihe ihrer B\u00fcrgergespr\u00e4che vor Ort auch im neuen Jahr fort. Am Donnerstag, den 2. Februar 2017 kommt sie dabei nach Loffenau. Mit ihrer &#8222;AnsprechBAR&#8220; steht Gabriele Katzmarek den B\u00fcrgerinnen und B\u00fcrgern zwischen 9:00 Uhr und 9:45 Uhr vor dem &#8222;Landmarkt Gie\u00dfler&#8220;Rede und Antwort. Nutzen Sie die Chance und stellen [&hellip;]<\/p>\n","protected":false},"author":1,"featured_media":0,"comment_status":"open","ping_status":"open","sticky":false,"template":"","format":"standard","meta":{"spay_email":"","jetpack_publicize_message":"","jetpack_is_tweetstorm":false,"jetpack_publicize_feature_enabled":true},"categories":[1],"tags":[],"jetpack_featured_media_url":"","jetpack_publicize_connections":[],"jetpack_sharing_enabled":true,"jetpack_shortlink":"https:\/\/wp.me\/p74UnC-cP","_links":{"self":[{"href":"http:\/\/www.spd-loffenau.de\/index.php?rest_route=\/wp\/v2\/posts\/795"}],"collection":[{"href":"http:\/\/www.spd-loffenau.de\/index.php?rest_route=\/wp\/v2\/posts"}],"about":[{"href":"http:\/\/www.spd-loffenau.de\/index.php?rest_route=\/wp\/v2\/types\/post"}],"author":[{"embeddable":true,"href":"http:\/\/www.spd-loffenau.de\/index.php?rest_route=\/wp\/v2\/users\/1"}],"replies":[{"embeddable":true,"href":"http:\/\/www.spd-loffenau.de\/index.php?rest_route=%2Fwp%2Fv2%2Fcomments&post=795"}],"version-history":[{"count":2,"href":"http:\/\/www.spd-loffenau.de\/index.php?rest_route=\/wp\/v2\/posts\/795\/revisions"}],"predecessor-version":[{"id":797,"href":"http:\/\/www.spd-loffenau.de\/index.php?rest_route=\/wp\/v2\/posts\/795\/revisions\/797"}],"wp:attachment":[{"href":"http:\/\/www.spd-loffenau.de\/index.php?rest_route=%2Fwp%2Fv2%2Fmedia&parent=795"}],"wp:term":[{"taxonomy":"category","embeddable":true,"href":"http:\/\/www.spd-loffenau.de\/index.php?rest_route=%2Fwp%2Fv2%2Fcategories&post=795"},{"taxonomy":"post_tag","embeddable":true,"href":"http:\/\/www.spd-loffenau.de\/index.php?rest_route=%2Fwp%2Fv2%2Ftags&post=795"}],"curies":[{"name":"wp","href":"https:\/\/api.w.org\/{rel}","templated":true}]}}