{"id":740,"date":"2016-04-28T22:50:58","date_gmt":"2016-04-28T20:50:58","guid":{"rendered":"http:\/\/www.spd-loffenau.de\/?p=740"},"modified":"2016-04-28T22:58:12","modified_gmt":"2016-04-28T20:58:12","slug":"oeffentliche-fraktionssitzung-am-9-mai-2016","status":"publish","type":"post","link":"http:\/\/www.spd-loffenau.de\/?p=740","title":{"rendered":"\u00d6ffentliche Fraktionssitzung am 9. Mai 2016"},"content":{"rendered":"<p>Die Gemeinderatsfraktion der &#8222;SPD &amp; Aktive Loffenauer B\u00fcrger&#8220; l\u00e4dt alle an der Kommunalpolitik interessierten B\u00fcrgerinnen und B\u00fcrger sehr herzlich zur n\u00e4chsten \u00f6ffentlichen Sitzung der Fraktion ein.<\/p>\n<p>Termin: <strong><u>Montag, den 9. Mai 2016 um 19:30 Uh<\/u><\/strong><u>r <strong>im Gasthaus &#8222;Sonne&#8220;<\/strong> <\/u>Informieren Sie sich aus erster Hand \u00fcber die aktuellen Themen der Dorfpolitik, stellen Sie Ihre Fragen an unsere Mandatstr\u00e4ger und bringen Sie sich mit Ihren Anregungen aktiv ein. Manuela Nuber, Andrea Schr\u00f6ter, Traudl B\u00fchringer, Helmut M\u00f6hrmann und Wolfgang Reik freuen sich auf die Diskussion mit Ihnen.<\/p>\n<p style=\"text-align: center;\"><strong>Transparent und b\u00fcrgernah!<br \/>\n<\/strong><\/p>\n","protected":false},"excerpt":{"rendered":"<p>Die Gemeinderatsfraktion der &#8222;SPD &amp; Aktive Loffenauer B\u00fcrger&#8220; l\u00e4dt alle an der Kommunalpolitik interessierten B\u00fcrgerinnen und B\u00fcrger sehr herzlich zur n\u00e4chsten \u00f6ffentlichen Sitzung der Fraktion ein. Termin: Montag, den 9. Mai 2016 um 19:30 Uhr im Gasthaus &#8222;Sonne&#8220; Informieren Sie sich aus erster Hand \u00fcber die aktuellen Themen der Dorfpolitik, stellen Sie Ihre Fragen an [&hellip;]<\/p>\n","protected":false},"author":1,"featured_media":0,"comment_status":"open","ping_status":"open","sticky":false,"template":"","format":"standard","meta":{"spay_email":"","jetpack_publicize_message":"","jetpack_is_tweetstorm":false,"jetpack_publicize_feature_enabled":true},"categories":[1],"tags":[],"jetpack_featured_media_url":"","jetpack_publicize_connections":[],"jetpack_sharing_enabled":true,"jetpack_shortlink":"https:\/\/wp.me\/p74UnC-bW","_links":{"self":[{"href":"http:\/\/www.spd-loffenau.de\/index.php?rest_route=\/wp\/v2\/posts\/740"}],"collection":[{"href":"http:\/\/www.spd-loffenau.de\/index.php?rest_route=\/wp\/v2\/posts"}],"about":[{"href":"http:\/\/www.spd-loffenau.de\/index.php?rest_route=\/wp\/v2\/types\/post"}],"author":[{"embeddable":true,"href":"http:\/\/www.spd-loffenau.de\/index.php?rest_route=\/wp\/v2\/users\/1"}],"replies":[{"embeddable":true,"href":"http:\/\/www.spd-loffenau.de\/index.php?rest_route=%2Fwp%2Fv2%2Fcomments&post=740"}],"version-history":[{"count":5,"href":"http:\/\/www.spd-loffenau.de\/index.php?rest_route=\/wp\/v2\/posts\/740\/revisions"}],"predecessor-version":[{"id":746,"href":"http:\/\/www.spd-loffenau.de\/index.php?rest_route=\/wp\/v2\/posts\/740\/revisions\/746"}],"wp:attachment":[{"href":"http:\/\/www.spd-loffenau.de\/index.php?rest_route=%2Fwp%2Fv2%2Fmedia&parent=740"}],"wp:term":[{"taxonomy":"category","embeddable":true,"href":"http:\/\/www.spd-loffenau.de\/index.php?rest_route=%2Fwp%2Fv2%2Fcategories&post=740"},{"taxonomy":"post_tag","embeddable":true,"href":"http:\/\/www.spd-loffenau.de\/index.php?rest_route=%2Fwp%2Fv2%2Ftags&post=740"}],"curies":[{"name":"wp","href":"https:\/\/api.w.org\/{rel}","templated":true}]}}