{"id":623,"date":"2015-01-10T16:28:58","date_gmt":"2015-01-10T14:28:58","guid":{"rendered":"http:\/\/www.spd-loffenau.de\/?p=623"},"modified":"2015-01-10T16:28:58","modified_gmt":"2015-01-10T14:28:58","slug":"einladung-zur-naechsten-oeffentlichen-fraktionssitzung-am-26-januar-2015","status":"publish","type":"post","link":"http:\/\/www.spd-loffenau.de\/?p=623","title":{"rendered":"Einladung zur n\u00e4chsten \u00f6ffentlichen Fraktionssitzung am 26. Januar 2015"},"content":{"rendered":"<p>Die Gemeinderatsfraktion der &#8222;SPD &amp; Aktive Loffenauer B\u00fcrger&#8220; beginnt ihre Arbeit im neuen Jahr mit einer, wie immer, \u00f6ffentlichen Fraktionssitzung.<\/p>\n<p><strong>Termin:Montag, 26. Januar 2015 um 20:00 Uhr im Gasthaus &#8222;Sonne&#8220;<\/strong><\/p>\n<p>Alle an der Gemeindepolitik interessierten B\u00fcrgerinnen und B\u00fcrger sind dazu herzlich eingeladen. Informieren Sie sich aus erster Hand und diskutieren Sie mit unseren Gemeinder\u00e4ten Manuela Nuber, Andrea Schr\u00f6ter, Traudl B\u00fchringer, Heinz-G\u00fcnter Beierlein und Fraktionssprecher Helmut M\u00f6hrmann.<\/p>\n<p style=\"text-align: center;\"><strong>Wir stehen f\u00fcr B\u00fcrgern\u00e4he und Transparenz!<\/strong><\/p>\n","protected":false},"excerpt":{"rendered":"<p>Die Gemeinderatsfraktion der &#8222;SPD &amp; Aktive Loffenauer B\u00fcrger&#8220; beginnt ihre Arbeit im neuen Jahr mit einer, wie immer, \u00f6ffentlichen Fraktionssitzung. Termin:Montag, 26. Januar 2015 um 20:00 Uhr im Gasthaus &#8222;Sonne&#8220; Alle an der Gemeindepolitik interessierten B\u00fcrgerinnen und B\u00fcrger sind dazu herzlich eingeladen. Informieren Sie sich aus erster Hand und diskutieren Sie mit unseren Gemeinder\u00e4ten Manuela [&hellip;]<\/p>\n","protected":false},"author":1,"featured_media":0,"comment_status":"open","ping_status":"open","sticky":false,"template":"","format":"standard","meta":{"spay_email":"","jetpack_publicize_message":"","jetpack_is_tweetstorm":false,"jetpack_publicize_feature_enabled":true},"categories":[1],"tags":[],"jetpack_featured_media_url":"","jetpack_publicize_connections":[],"jetpack_sharing_enabled":true,"jetpack_shortlink":"https:\/\/wp.me\/p74UnC-a3","_links":{"self":[{"href":"http:\/\/www.spd-loffenau.de\/index.php?rest_route=\/wp\/v2\/posts\/623"}],"collection":[{"href":"http:\/\/www.spd-loffenau.de\/index.php?rest_route=\/wp\/v2\/posts"}],"about":[{"href":"http:\/\/www.spd-loffenau.de\/index.php?rest_route=\/wp\/v2\/types\/post"}],"author":[{"embeddable":true,"href":"http:\/\/www.spd-loffenau.de\/index.php?rest_route=\/wp\/v2\/users\/1"}],"replies":[{"embeddable":true,"href":"http:\/\/www.spd-loffenau.de\/index.php?rest_route=%2Fwp%2Fv2%2Fcomments&post=623"}],"version-history":[{"count":5,"href":"http:\/\/www.spd-loffenau.de\/index.php?rest_route=\/wp\/v2\/posts\/623\/revisions"}],"predecessor-version":[{"id":628,"href":"http:\/\/www.spd-loffenau.de\/index.php?rest_route=\/wp\/v2\/posts\/623\/revisions\/628"}],"wp:attachment":[{"href":"http:\/\/www.spd-loffenau.de\/index.php?rest_route=%2Fwp%2Fv2%2Fmedia&parent=623"}],"wp:term":[{"taxonomy":"category","embeddable":true,"href":"http:\/\/www.spd-loffenau.de\/index.php?rest_route=%2Fwp%2Fv2%2Fcategories&post=623"},{"taxonomy":"post_tag","embeddable":true,"href":"http:\/\/www.spd-loffenau.de\/index.php?rest_route=%2Fwp%2Fv2%2Ftags&post=623"}],"curies":[{"name":"wp","href":"https:\/\/api.w.org\/{rel}","templated":true}]}}