{"id":1701,"date":"2025-02-06T20:10:45","date_gmt":"2025-02-06T18:10:45","guid":{"rendered":"https:\/\/www.spd-loffenau.de\/?p=1701"},"modified":"2025-02-06T20:10:45","modified_gmt":"2025-02-06T18:10:45","slug":"von-menschen-die-erzaehlen-man-duerfe-nicht-mehr-sagen-was-man-denkt","status":"publish","type":"post","link":"http:\/\/www.spd-loffenau.de\/?p=1701","title":{"rendered":"Von Menschen, die erz\u00e4hlen, man d\u00fcrfe nicht mehr sagen, was man denkt &#8230;."},"content":{"rendered":"<p>Welchen Satz h\u00f6rt und liest man heute in unserem Land t\u00e4glich und mehrfach?<br \/>\n\u201eMan darf ja nicht mehr sagen, was man denkt\u201c.<br \/>\nWo h\u00f6rt und liest man das? Richtig, beim Einkaufen, beim Stammtisch, beim Schw\u00e4tzle mit Nachbarn, beim Gespr\u00e4ch am Arbeitsplatz, bei unz\u00e4hligen frei und eigenproduzierten Beitr\u00e4gen in den sozialen Medien, bei Umfragen im Radio und im Fernsehen zur besten Sendezeit und vor Millionenpublikum. Also eigentlich \u00fcberall! Was f\u00fcr ein offensichtlicher und krasser Widerspruch!<br \/>\nT\u00e4glich Abermillionen von Meinungen, die im ganzen Land frei ge\u00e4u\u00dfert werden, ohne Zensur, ohne Repressalien. Und das ist gut so!<br \/>\nWie also kommen immer mehr Menschen dann auf die Idee zu behaupten, sie d\u00fcrften in unserer freiheitlichen Gesellschaft, in der Meinungs- und Pressefreiheit verfassungsrechtlich gesch\u00fctzt und garantiert sind, nicht mehr sagen, was sie denken? Nur ein Denkfehler oder was steckt eigentlich dahinter?<br \/>\nEin Erkl\u00e4rungsversuch. Vielleicht haben es viele dieser Menschen verlernt oder auch gar nicht erst gelernt, mit anderen so zu kommunizieren, dass man sich gegenseitig zuh\u00f6rt und respektvoll miteinander spricht. Dass man andere Meinungen zun\u00e4chst mal akzeptiert und dann, wenn man dazu bereit ist, auch dar\u00fcber zu diskutieren und gegenseitig Argumente austauscht. Ergebnis offen. Man darf sogar bei seiner Meinung bleiben, auch wenn sie nachweislich falsch sein sollte. In diesem Fall muss man es halt ertragen, dass man zu h\u00f6ren bekommt: \u201eDa liegst Du falsch, denk doch nochmal nach, ehe Du etwas dazu sagst\u201c.<br \/>\nVielleicht gibt es in unserer Gesellschaft inzwischen aber auch viele Menschen, die gar kein Interesse mehr an einem Gespr\u00e4ch, an einer Diskussion mit Anderen haben und viel lieber ganz einfach bei ihrer Meinung bleiben ohne sie zu hinterfragen? Die sich nur mit Gleichgesinnten austauschen, wenn \u00fcberhaupt, und sich auch nicht mit Fakten besch\u00e4ftigen wollen, die nicht in ihr Weltbild passen? Dann steht dazu. Auch das ist in unserer freiheitlichen demokratischen Gesellschaft erlaubt. Das unterscheidet uns von Diktaturen und undemokratischen Staaten!<br \/>\nLassen wir es aber nicht zu, dass durch t\u00e4glich wiederholte falsche Behauptungen \u00fcber eine angebliche Einschr\u00e4nkung der Meinungsfreiheit unsere Demokratie schlecht geredet und diskreditiert wird. Dieses Narrativ ist perfide und voller Gift. Wer so argumentiert ist feige und stellt sich als vermeintliches Opfer dar. Ein g\u00e4ngiges Muster von Populisten und Extremisten. Darauf d\u00fcrfen wir nicht l\u00e4nger hereinfallen.<\/p>\n","protected":false},"excerpt":{"rendered":"<p>Welchen Satz h\u00f6rt und liest man heute in unserem Land t\u00e4glich und mehrfach? \u201eMan darf ja nicht mehr sagen, was man denkt\u201c. Wo h\u00f6rt und liest man das? Richtig, beim Einkaufen, beim Stammtisch, beim Schw\u00e4tzle mit Nachbarn, beim Gespr\u00e4ch am Arbeitsplatz, bei unz\u00e4hligen frei und eigenproduzierten Beitr\u00e4gen in den sozialen Medien, bei Umfragen im Radio [&hellip;]<\/p>\n","protected":false},"author":2,"featured_media":0,"comment_status":"open","ping_status":"open","sticky":false,"template":"","format":"standard","meta":{"spay_email":"","jetpack_publicize_message":"","jetpack_is_tweetstorm":false,"jetpack_publicize_feature_enabled":true},"categories":[1],"tags":[],"jetpack_featured_media_url":"","jetpack_publicize_connections":[],"jetpack_sharing_enabled":true,"jetpack_shortlink":"https:\/\/wp.me\/p74UnC-rr","_links":{"self":[{"href":"http:\/\/www.spd-loffenau.de\/index.php?rest_route=\/wp\/v2\/posts\/1701"}],"collection":[{"href":"http:\/\/www.spd-loffenau.de\/index.php?rest_route=\/wp\/v2\/posts"}],"about":[{"href":"http:\/\/www.spd-loffenau.de\/index.php?rest_route=\/wp\/v2\/types\/post"}],"author":[{"embeddable":true,"href":"http:\/\/www.spd-loffenau.de\/index.php?rest_route=\/wp\/v2\/users\/2"}],"replies":[{"embeddable":true,"href":"http:\/\/www.spd-loffenau.de\/index.php?rest_route=%2Fwp%2Fv2%2Fcomments&post=1701"}],"version-history":[{"count":2,"href":"http:\/\/www.spd-loffenau.de\/index.php?rest_route=\/wp\/v2\/posts\/1701\/revisions"}],"predecessor-version":[{"id":1703,"href":"http:\/\/www.spd-loffenau.de\/index.php?rest_route=\/wp\/v2\/posts\/1701\/revisions\/1703"}],"wp:attachment":[{"href":"http:\/\/www.spd-loffenau.de\/index.php?rest_route=%2Fwp%2Fv2%2Fmedia&parent=1701"}],"wp:term":[{"taxonomy":"category","embeddable":true,"href":"http:\/\/www.spd-loffenau.de\/index.php?rest_route=%2Fwp%2Fv2%2Fcategories&post=1701"},{"taxonomy":"post_tag","embeddable":true,"href":"http:\/\/www.spd-loffenau.de\/index.php?rest_route=%2Fwp%2Fv2%2Ftags&post=1701"}],"curies":[{"name":"wp","href":"https:\/\/api.w.org\/{rel}","templated":true}]}}