{"id":1449,"date":"2023-07-28T18:10:43","date_gmt":"2023-07-28T16:10:43","guid":{"rendered":"https:\/\/www.spd-loffenau.de\/?p=1449"},"modified":"2023-07-28T18:10:43","modified_gmt":"2023-07-28T16:10:43","slug":"schoenen-urlaub-und-nach-den-ferien-schon-gleich-mal-zwei-termine-vormerken","status":"publish","type":"post","link":"http:\/\/www.spd-loffenau.de\/?p=1449","title":{"rendered":"Sch\u00f6nen Urlaub und nach den Ferien schon gleich mal zwei Termine vormerken!"},"content":{"rendered":"<p>Nach den Sommerferien geht die kommunalpolitische Arbeit der Gemeinderatsfraktion \u201eSPD &amp; Aktive Loffenauer B\u00fcrger\u201c nat\u00fcrlich sofort weiter. Wir starten, wie Sie es von uns gewohnt sind, mit einer weiteren \u00f6ffentlichen Fraktionssitzung am Montag, den 11. September 2023. Dazu ist die B\u00fcrgerschaft wie immer herzlich eingeladen. Die genaue Uhrzeit und Ort werden noch rechtzeitig bekanntgegeben.<\/p>\n<p>Unbedingt vormerken sollten Sie sich jetzt schon den Sonntag, 8. Oktober. An diesem Tag organisieren der SPD-Ortsverein und die Gemeinderatsfraktion gemeinsam wieder einen \u201eH\u00fcttentreff\u201c an der Michelsrankh\u00fctte. Alle Wanderer und Mountainbiker, die zwischen 11 Uhr und 15 Uhr an diesem herrlich gelegenen Aussichtspunkt bei uns vorbeikommen, erhalten zur \u201eSt\u00e4rkung\u201c ein Erfrischungsgetr\u00e4nk und ein kleines Vesper. Au\u00dferdem bieten wir wieder einen kostenlosen Bus-Transfer f\u00fcr all diejenigen an, die die Michelsrankh\u00fctte nicht aus eigener Kraft erreichen k\u00f6nnen. Wie die Anmeldung dazu funktioniert, erfahren Sie ebenfalls rechtzeitig im Amtsblatt und auf unserer Homepage.<\/p>\n<p>&nbsp;<\/p>\n<p>Der SPD-Ortsverein sowie die Gemeinder\u00e4t*innen Andrea Schr\u00f6ter, Tobias M\u00fchlh\u00e4user, Peter Loch und Fraktionssprecher Wolfgang Reik w\u00fcnschen Ihnen allen eine erholsame Ferienzeit!<\/p>\n<p>&nbsp;<\/p>\n","protected":false},"excerpt":{"rendered":"<p>Nach den Sommerferien geht die kommunalpolitische Arbeit der Gemeinderatsfraktion \u201eSPD &amp; Aktive Loffenauer B\u00fcrger\u201c nat\u00fcrlich sofort weiter. Wir starten, wie Sie es von uns gewohnt sind, mit einer weiteren \u00f6ffentlichen Fraktionssitzung am Montag, den 11. September 2023. Dazu ist die B\u00fcrgerschaft wie immer herzlich eingeladen. Die genaue Uhrzeit und Ort werden noch rechtzeitig bekanntgegeben. Unbedingt [&hellip;]<\/p>\n","protected":false},"author":2,"featured_media":0,"comment_status":"open","ping_status":"open","sticky":false,"template":"","format":"standard","meta":{"spay_email":"","jetpack_publicize_message":"","jetpack_is_tweetstorm":false,"jetpack_publicize_feature_enabled":true},"categories":[1],"tags":[],"jetpack_featured_media_url":"","jetpack_publicize_connections":[],"jetpack_sharing_enabled":true,"jetpack_shortlink":"https:\/\/wp.me\/p74UnC-nn","_links":{"self":[{"href":"http:\/\/www.spd-loffenau.de\/index.php?rest_route=\/wp\/v2\/posts\/1449"}],"collection":[{"href":"http:\/\/www.spd-loffenau.de\/index.php?rest_route=\/wp\/v2\/posts"}],"about":[{"href":"http:\/\/www.spd-loffenau.de\/index.php?rest_route=\/wp\/v2\/types\/post"}],"author":[{"embeddable":true,"href":"http:\/\/www.spd-loffenau.de\/index.php?rest_route=\/wp\/v2\/users\/2"}],"replies":[{"embeddable":true,"href":"http:\/\/www.spd-loffenau.de\/index.php?rest_route=%2Fwp%2Fv2%2Fcomments&post=1449"}],"version-history":[{"count":1,"href":"http:\/\/www.spd-loffenau.de\/index.php?rest_route=\/wp\/v2\/posts\/1449\/revisions"}],"predecessor-version":[{"id":1450,"href":"http:\/\/www.spd-loffenau.de\/index.php?rest_route=\/wp\/v2\/posts\/1449\/revisions\/1450"}],"wp:attachment":[{"href":"http:\/\/www.spd-loffenau.de\/index.php?rest_route=%2Fwp%2Fv2%2Fmedia&parent=1449"}],"wp:term":[{"taxonomy":"category","embeddable":true,"href":"http:\/\/www.spd-loffenau.de\/index.php?rest_route=%2Fwp%2Fv2%2Fcategories&post=1449"},{"taxonomy":"post_tag","embeddable":true,"href":"http:\/\/www.spd-loffenau.de\/index.php?rest_route=%2Fwp%2Fv2%2Ftags&post=1449"}],"curies":[{"name":"wp","href":"https:\/\/api.w.org\/{rel}","templated":true}]}}