{"id":1069,"date":"2019-04-16T18:16:59","date_gmt":"2019-04-16T16:16:59","guid":{"rendered":"http:\/\/www.spd-loffenau.de\/?p=1069"},"modified":"2019-04-16T18:16:59","modified_gmt":"2019-04-16T16:16:59","slug":"am-10-april-praesentation-eines-car-sharing-konzepts-mit-elektro-autos-fuer-loffenau","status":"publish","type":"post","link":"http:\/\/www.spd-loffenau.de\/?p=1069","title":{"rendered":"Am 10. April: Pr\u00e4sentation eines \u201eCar-Sharing-Konzepts&#8220; mit Elektro-Autos f\u00fcr Loffenau"},"content":{"rendered":"<p>Nach dem \u201eWorkshop Jugend \u2013 Kick and Talk\u201c, der am Mittwoch dieser Woche im Clubhaus des TC Loffenau stattfand, laden unsere Kandidatinnen und Kandidaten f\u00fcr die Gemeinderatswahl zu einem weiteren interessanten Thema ein. \u201eCar-Sharing\u201c ist eine zunehmend wichtige Komponente f\u00fcr die Mobilit\u00e4t und Klimaschutz. Wir haben lange nach einem Konzept gesucht, das f\u00fcr Loffenau passen k\u00f6nnte. Somit konnten wir einen potenziellen Anbieter zur Vorstellung seines Projektes nach Loffenau einladen. Kommen Sie am Mittwoch, den 10. April 2019 ab 18:00 Uhr zur Pr\u00e4sentation in Haus des Gastes und fahren Sie die Elektro-Fahrzeuge gerne zur Probe.<\/p>\n","protected":false},"excerpt":{"rendered":"<p>Nach dem \u201eWorkshop Jugend \u2013 Kick and Talk\u201c, der am Mittwoch dieser Woche im Clubhaus des TC Loffenau stattfand, laden unsere Kandidatinnen und Kandidaten f\u00fcr die Gemeinderatswahl zu einem weiteren interessanten Thema ein. \u201eCar-Sharing\u201c ist eine zunehmend wichtige Komponente f\u00fcr die Mobilit\u00e4t und Klimaschutz. Wir haben lange nach einem Konzept gesucht, das f\u00fcr Loffenau passen [&hellip;]<\/p>\n","protected":false},"author":1,"featured_media":0,"comment_status":"open","ping_status":"open","sticky":false,"template":"","format":"standard","meta":{"spay_email":"","jetpack_publicize_message":"","jetpack_is_tweetstorm":false,"jetpack_publicize_feature_enabled":true},"categories":[1],"tags":[],"jetpack_featured_media_url":"","jetpack_publicize_connections":[],"jetpack_sharing_enabled":true,"jetpack_shortlink":"https:\/\/wp.me\/p74UnC-hf","_links":{"self":[{"href":"http:\/\/www.spd-loffenau.de\/index.php?rest_route=\/wp\/v2\/posts\/1069"}],"collection":[{"href":"http:\/\/www.spd-loffenau.de\/index.php?rest_route=\/wp\/v2\/posts"}],"about":[{"href":"http:\/\/www.spd-loffenau.de\/index.php?rest_route=\/wp\/v2\/types\/post"}],"author":[{"embeddable":true,"href":"http:\/\/www.spd-loffenau.de\/index.php?rest_route=\/wp\/v2\/users\/1"}],"replies":[{"embeddable":true,"href":"http:\/\/www.spd-loffenau.de\/index.php?rest_route=%2Fwp%2Fv2%2Fcomments&post=1069"}],"version-history":[{"count":4,"href":"http:\/\/www.spd-loffenau.de\/index.php?rest_route=\/wp\/v2\/posts\/1069\/revisions"}],"predecessor-version":[{"id":1073,"href":"http:\/\/www.spd-loffenau.de\/index.php?rest_route=\/wp\/v2\/posts\/1069\/revisions\/1073"}],"wp:attachment":[{"href":"http:\/\/www.spd-loffenau.de\/index.php?rest_route=%2Fwp%2Fv2%2Fmedia&parent=1069"}],"wp:term":[{"taxonomy":"category","embeddable":true,"href":"http:\/\/www.spd-loffenau.de\/index.php?rest_route=%2Fwp%2Fv2%2Fcategories&post=1069"},{"taxonomy":"post_tag","embeddable":true,"href":"http:\/\/www.spd-loffenau.de\/index.php?rest_route=%2Fwp%2Fv2%2Ftags&post=1069"}],"curies":[{"name":"wp","href":"https:\/\/api.w.org\/{rel}","templated":true}]}}