{"id":1061,"date":"2019-04-16T18:08:53","date_gmt":"2019-04-16T16:08:53","guid":{"rendered":"http:\/\/www.spd-loffenau.de\/?p=1061"},"modified":"2019-04-16T18:08:53","modified_gmt":"2019-04-16T16:08:53","slug":"einladung-zum-workshop-jugend-am-20-maerz","status":"publish","type":"post","link":"http:\/\/www.spd-loffenau.de\/?p=1061","title":{"rendered":"Einladung zum Workshop &#8222;Jugend&#8220; am 20.M\u00e4rz"},"content":{"rendered":"<p class=\"Standard\">Im Vorfeld der Gemeinderatswahlen starten die Kandidatinnen und Kandidaten der Liste &#8222;SPD &amp; Aktive Loffenauer B\u00fcrger&#8220; eine eigene Veranstaltungsreihe zu wichtigen kommunalpolitischen Themen. Den Auftakt macht am Mittwoch, dem 20. M\u00e4rz 2019 ein Workshop zum Thema &#8222;Jugend&#8220;, bei dem gemeinsam mit den Loffenauer Jugendlichen ihre aktuelle Situation im Ort besprochen und eventuelle neue Projekte diskutiert werden sollen. Dazu eingeladen wurde \u00fcber die Jugend-Vertreter der \u00f6rtlichen Vereine. Selbstverst\u00e4ndlich k\u00f6nnen aber alle Jugendlichen zum Workshop unter dem Motto &#8222;KIck and Talk&#8220; kommen und sich einbringen. Der Workshop findet am 20. M\u00e4rz im Clubhaus des Tennisclubs statt und beginnt um 18:00 Uhr. Beim zwanglosen Gedankenaustausch sind Eure Ideen und Vorschl\u00e4ge gefragt. Wo gibt es Defizite? Was l\u00e4uft gut? Was kann man wie verbessern? Wo braucht Ihr Unterst\u00fctzung? Und, auch ganz wichtig, Wer ist bereit sich zu engagieren und auch Eigenverantwortung zu \u00fcbernehmen?<\/p>\n<p class=\"Standard\">Lasst uns bei Musik, Snacks, Getr\u00e4nken und Tischkicker offen dar\u00fcber reden. Sagt auch Euren Kumpels Bescheid. Wir freuen uns auf den Dialog mit Euch.<\/p>\n<p class=\"Standard\">\u00dcbrigens: Bei den Kommunalwahlen in Baden-W\u00fcrttemberg seid Ihr schon mit 16 Jahren wahlberechtigt und k\u00f6nnt in Eurer Gemeinde ganz einfach mitbestimmen.<\/p>\n<p class=\"Standard\">&#8222;SPD &amp; Aktive Loffenauer B\u00fcrger&#8220; &#8211; wir stehen f\u00fcr Transparenz und B\u00fcrgern\u00e4he<\/p>\n<p class=\"Standard\"><strong>\u00a0<\/strong><\/p>\n","protected":false},"excerpt":{"rendered":"<p>Im Vorfeld der Gemeinderatswahlen starten die Kandidatinnen und Kandidaten der Liste &#8222;SPD &amp; Aktive Loffenauer B\u00fcrger&#8220; eine eigene Veranstaltungsreihe zu wichtigen kommunalpolitischen Themen. Den Auftakt macht am Mittwoch, dem 20. M\u00e4rz 2019 ein Workshop zum Thema &#8222;Jugend&#8220;, bei dem gemeinsam mit den Loffenauer Jugendlichen ihre aktuelle Situation im Ort besprochen und eventuelle neue Projekte diskutiert [&hellip;]<\/p>\n","protected":false},"author":1,"featured_media":0,"comment_status":"open","ping_status":"open","sticky":false,"template":"","format":"standard","meta":{"spay_email":"","jetpack_publicize_message":"","jetpack_is_tweetstorm":false,"jetpack_publicize_feature_enabled":true},"categories":[1],"tags":[],"jetpack_featured_media_url":"","jetpack_publicize_connections":[],"jetpack_sharing_enabled":true,"jetpack_shortlink":"https:\/\/wp.me\/p74UnC-h7","_links":{"self":[{"href":"http:\/\/www.spd-loffenau.de\/index.php?rest_route=\/wp\/v2\/posts\/1061"}],"collection":[{"href":"http:\/\/www.spd-loffenau.de\/index.php?rest_route=\/wp\/v2\/posts"}],"about":[{"href":"http:\/\/www.spd-loffenau.de\/index.php?rest_route=\/wp\/v2\/types\/post"}],"author":[{"embeddable":true,"href":"http:\/\/www.spd-loffenau.de\/index.php?rest_route=\/wp\/v2\/users\/1"}],"replies":[{"embeddable":true,"href":"http:\/\/www.spd-loffenau.de\/index.php?rest_route=%2Fwp%2Fv2%2Fcomments&post=1061"}],"version-history":[{"count":2,"href":"http:\/\/www.spd-loffenau.de\/index.php?rest_route=\/wp\/v2\/posts\/1061\/revisions"}],"predecessor-version":[{"id":1063,"href":"http:\/\/www.spd-loffenau.de\/index.php?rest_route=\/wp\/v2\/posts\/1061\/revisions\/1063"}],"wp:attachment":[{"href":"http:\/\/www.spd-loffenau.de\/index.php?rest_route=%2Fwp%2Fv2%2Fmedia&parent=1061"}],"wp:term":[{"taxonomy":"category","embeddable":true,"href":"http:\/\/www.spd-loffenau.de\/index.php?rest_route=%2Fwp%2Fv2%2Fcategories&post=1061"},{"taxonomy":"post_tag","embeddable":true,"href":"http:\/\/www.spd-loffenau.de\/index.php?rest_route=%2Fwp%2Fv2%2Ftags&post=1061"}],"curies":[{"name":"wp","href":"https:\/\/api.w.org\/{rel}","templated":true}]}}